{"id":118924,"date":"2019-09-23T07:09:00","date_gmt":"2019-09-23T10:09:00","guid":{"rendered":"http:\/\/www.caririemacao.com\/1\/?p=118924"},"modified":"2019-09-23T07:09:00","modified_gmt":"2019-09-23T10:09:00","slug":"bolsonaro-embarca-nesta-segunda-para-participar-da-assembleia-geral-da-onu-em-nova-york","status":"publish","type":"post","link":"https:\/\/www.caririemacao.com\/1\/2019\/09\/23\/bolsonaro-embarca-nesta-segunda-para-participar-da-assembleia-geral-da-onu-em-nova-york\/","title":{"rendered":"Bolsonaro embarca nesta segunda para participar da Assembleia Geral da ONU em Nova York"},"content":{"rendered":"\n<p>O presidente Jair Bolsonaro embarca na manh\u00e3 desta segunda-feira (23) para Nova York (EUA), onde participar\u00e1 da Assembleia Geral da Organiza\u00e7\u00e3o das Na\u00e7\u00f5es Unidas (ONU).<br><\/p>\n\n\n\n<p>Tradicionalmente, desde 1949, cabe ao Brasil abrir o debate geral, e Bolsonaro tem dito que defender\u00e1 a &#8220;soberania nacional&#8221; e a atua\u00e7\u00e3o do governo na Amaz\u00f4nia.<\/p>\n\n\n\n<p>Em uma transmiss\u00e3o ao vivo em uma rede social, na semana passada, Bolsonaro disse estar &#8220;na cara&#8221; que ele ser\u00e1 cobrado por outros chefes de Estado na quest\u00e3o ambiental. Diante disso, afirmou que far\u00e1 um discurso &#8220;bastante objetivo&#8221; sobre a Amaz\u00f4nia (leia detalhes mais abaixo).<\/p>\n\n\n\n<p>O presidente tamb\u00e9m disse que n\u00e3o vai &#8220;fulanizar\u201d ou \u201capontar o dedo para nenhum chefe de Estado\u201d. Ele afirmou ainda que, vendo discursos de outros presidentes brasileiros na ONU, concluiu que &#8220;se falava, falava e n\u00e3o se dizia nada&#8221;.<\/p>\n\n\n\n<p>Pela agenda informada pela Presid\u00eancia, Bolsonaro embarca para Nova York nesta segunda-feira e retorna ao Brasil na quarta (25). Inicialmente, o presidente iria tamb\u00e9m a Dallas, no estado do Texas, para se reunir com empres\u00e1rios do setor de tecnologia, mas a viagem foi cancelada.<\/p>\n\n\n\n<p>Entre outras pessoas, integrar\u00e3o a comitiva de Bolsonaro a primeira-dama, Michelle, os ministros Luiz Eduardo Ramos (Secretaria de Governo) e Augusto Heleno (Gabinete de Seguran\u00e7a Institucional), o deputado Eduardo Bolsonaro (PSL-SP) e o m\u00e9dico Ricardo Camarinha, que avaliou o quadro cl\u00ednico de Bolsonaro nesta semana.<\/p>\n\n\n\n<p>Bolsonaro deve defender soberania em discurso na ONU<\/p>\n\n\n\n<p>Meio ambiente<\/p>\n\n\n\n<p>A estreia de Bolsonaro na ONU gerou expectativa em raz\u00e3o da crise diplom\u00e1tica e ambiental provocada pelas declara\u00e7\u00f5es do presidente em raz\u00e3o do aumento das queimadas na Amaz\u00f4nia.<\/p>\n\n\n\n<p>Nos \u00faltimos meses, o presidente fez declara\u00e7\u00f5es cr\u00edticas \u00e0 Alemanha e \u00e0 Noruega e chegou a trocar farpas p\u00fablicas com o presidente franc\u00eas, Emmanuel Macron, que deixou em aberto uma poss\u00edvel discuss\u00e3o sobre status internacional para a Amaz\u00f4nia.<\/p>\n\n\n\n<p>Macron chegou a anunciar a inten\u00e7\u00e3o do G7, grupo que re\u00fane as sete principais economias do mundo, de destinar ao Brasil US$ 20 milh\u00f5es, mas Bolsonaro questionou a motiva\u00e7\u00e3o do envio e afirmou que o montante era uma &#8220;esmola&#8221;.<\/p>\n\n\n\n<p>Bolsonaro chegou a afirmar, sem apresentar provas, que organiza\u00e7\u00f5es n\u00e3o-governamentais (ONGS) estariam envolvidas nas queimadas na Amaz\u00f4nia a fim de desgastar o governo, declara\u00e7\u00e3o contestada por ambientalistas.<\/p>\n\n\n\n<p>Discursos de ex-presidentes<\/p>\n\n\n\n<p>De acordo com o acervo da Funda\u00e7\u00e3o Alexandre de Gusm\u00e3o (Funag), vinculada ao Minist\u00e9rio das Rela\u00e7\u00f5es Exteriores, Bolsonaro ser\u00e1 o oitavo presidente brasileiro a discursar na Assembleia Geral da ONU \u2013 o primeiro foi Jo\u00e3o Baptista Figueiredo, em 1982.<\/p>\n\n\n\n<p>De acordo com levantamento do G1, a soberania nacional e preserva\u00e7\u00e3o da Amaz\u00f4nia foram temas abordados por todos os antecessores de Bolsonaro na ONU.<\/p>\n\n\n\n<p>Al\u00e9m de Bolsonaro e Figueiredo, tamb\u00e9m discursaram no debate geral da assembleia da ONU os ex-presidentes Michel Temer, Dilma Rousseff, Luiz In\u00e1cio Lula da Silva, Fernando Henrique Cardoso, Fernando Collor e Jos\u00e9 Sarney. Ao todo, de 1982 a 2018, foram 20 discursos de presidentes brasileiros.<\/p>\n\n\n\n<ul class=\"wp-block-list\"><li>Michel Temer (2016): Temer assumiu a Presid\u00eancia em raz\u00e3o do impeachment de Dilma Rousseff. Como \u00e0 \u00e9poca os apoiadores de Dilma chamavam o processo de &#8220;golpe&#8221;, alegando que n\u00e3o havia crime de responsabilidade, Temer usou o primeiro discurso na ONU, em 2016, para dizer que o processo de impeachment &#8220;transcorreu dentro do mais absoluto respeito \u00e0 ordem constitucional&#8221;. Temer ainda disse que preocupava a &#8220;aus\u00eancia de uma perspectiva de paz entre Israel e Palestina&#8221;, acrescentando que o Brasil apoia a conviv\u00eancia pac\u00edfica na regi\u00e3o.<\/li><li>Dilma Rousseff (2011): Primeira mulher a fazer o discurso de abertura da Assembleia Geral da ONU, em 2011, Dilma afirmou na ocasi\u00e3o que o fato representava a &#8220;inaugura\u00e7\u00e3o&#8221; da &#8220;voz da democracia&#8221;. \u00c0 \u00e9poca, a ent\u00e3o presidente tamb\u00e9m exaltou o papel feminino na sociedade e o reflexo disso na representa\u00e7\u00e3o pol\u00edtica, acrescentando que o Brasil estava pronto para assumir um lugar permanente no Conselho de Seguran\u00e7a da ONU. Dilma disse ainda que j\u00e1 havia chegado o momento de &#8220;termos a Palestina aqui representada a pleno t\u00edtulo&#8221;.<\/li><\/ul>\n\n\n\n<ul class=\"wp-block-list\"><li>Lula (2009): No \u00faltimo discurso na ONU como presidente do Brasil, Lula enfatizou que o momento, de crise financeira mundial, exigia dos pa\u00edses a ado\u00e7\u00e3o de &#8220;audaciosos&#8221; programas sociais e de desenvolvimento. Destacou, ent\u00e3o, que o governo brasileiro havia aprofundado os programas sociais, &#8220;especialmente os de transfer\u00eancia de renda&#8221;, al\u00e9m de aumentado o sal\u00e1rio m\u00ednimo acima da infla\u00e7\u00e3o. Lula tamb\u00e9m defendeu a atua\u00e7\u00e3o da ONU na garantia da &#8220;coexist\u00eancia de um Estado Palestino com o Estado de Israel&#8221;.<\/li><li>Fernando Henrique (2001): O discurso na ONU ocorreu dois meses ap\u00f3s o atentado de 11 de setembro. Fernando Henrique prestou solidariedade aos americanos e disse que o pa\u00eds vivenciou a \u201ca\u00e7\u00e3o mais contr\u00e1ria ao di\u00e1logo\u201d, \u201cum golpe vil e trai\u00e7oeiro\u201d contra \u201ctodos os povos amantes da paz e da liberdade\u201d. Ele colocou o Brasil \u00e0 disposi\u00e7\u00e3o para abrigar refugiados afeg\u00e3os e pregou a\u00e7\u00f5es contra tr\u00e1fico de drogas e armas e lavagem de dinheiro. Fernando Henrique ainda disse apoiar a \u201cconstitui\u00e7\u00e3o de um Estado Palestino democr\u00e1tico\u201d.<\/li><li>Fernando Collor (1990): Collor estreou na ONU em 1990 e afirmou que era uma \u201ctarefa urgente\u201d para a Am\u00e9rica Latina solucionar o problema da d\u00edvida externa, pois a recupera\u00e7\u00e3o econ\u00f4mica dos pa\u00edses era um \u201cimperativo incontorn\u00e1vel\u201d. O presidente disse que tinha o \u201ccompromisso\u201d de \u201cderrotar a infla\u00e7\u00e3o\u201d e de \u201cgarantir o funcionamento\u201d da democracia. Ele ainda criticou o protecionismo, classificado como \u201cdeplor\u00e1vel\u201d, praticado por pa\u00edses mais riscos em um \u201ccen\u00e1rio de subnutri\u00e7\u00e3o que atinge boa parte da humanidade\u201d.<\/li><li>Jos\u00e9 Sarney (1985): Primeiro presidente ap\u00f3s a ditadura militar, Sarney estreou na ONU com a defesa de uma negocia\u00e7\u00e3o \u201cpol\u00edtica\u201d para a d\u00edvida externa. \u201cO Brasil n\u00e3o pagar\u00e1 a d\u00edvida externa nem com a recess\u00e3o, nem com o desemprego, nem com a fome\u201d, disse. Segundo ele, pagar a d\u00edvida com \u201caltos custos sociais e econ\u00f4micos\u201d faria o pa\u00eds \u201cabdicar da liberdade\u201d. Sarney declarou que o Brasil saiu da ditadura pela \u201ccapacidade de conciliar\u201d e refor\u00e7ou a \u201ctotal condena\u00e7\u00e3o\u201d ao apartheid, pol\u00edtica de segrega\u00e7\u00e3o racial em vigor \u00e0 \u00e9poca na \u00c1frica do Sul.<\/li><li>Jo\u00e3o Figueiredo (1982): Primeiro presidente a falar na Assembleia Geral, Figueiredo lan\u00e7ou um apelo \u00e0 paz e criticou a pol\u00edtica de corre\u00e7\u00e3o das d\u00edvidas externas. \u201cA pol\u00edtica econ\u00f4mica das grandes pot\u00eancias est\u00e1 destruindo riquezas sem nada construir em seu lugar\u201d, disse. Para ele, o Oriente M\u00e9dio s\u00f3 encontraria a solu\u00e7\u00e3o de conflitos com o reconhecimento do \u201cdireito do povo palestino a um Estado soberano\u201d. Ainda frisou a soberania da Argentina nas ilhas Malvinas e defendeu o di\u00e1logo com o Reino Unido para solucionar a disputa territorial.<\/li><\/ul>\n","protected":false},"excerpt":{"rendered":"<p>O presidente Jair Bolsonaro embarca na manh\u00e3 desta segunda-feira (23) para Nova York (EUA), onde participar\u00e1 da Assembleia Geral da Organiza\u00e7\u00e3o das Na\u00e7\u00f5es Unidas (ONU).&hellip; <\/p>\n","protected":false},"author":1,"featured_media":111985,"comment_status":"closed","ping_status":"closed","sticky":false,"template":"","format":"standard","meta":{"sfsi_plus_gutenberg_text_before_share":"","sfsi_plus_gutenberg_show_text_before_share":"","sfsi_plus_gutenberg_icon_type":"","sfsi_plus_gutenberg_icon_alignemt":"","sfsi_plus_gutenburg_max_per_row":"","footnotes":""},"categories":[11],"tags":[],"class_list":["post-118924","post","type-post","status-publish","format-standard","has-post-thumbnail","hentry","category-politica"],"_links":{"self":[{"href":"https:\/\/www.caririemacao.com\/1\/wp-json\/wp\/v2\/posts\/118924","targetHints":{"allow":["GET"]}}],"collection":[{"href":"https:\/\/www.caririemacao.com\/1\/wp-json\/wp\/v2\/posts"}],"about":[{"href":"https:\/\/www.caririemacao.com\/1\/wp-json\/wp\/v2\/types\/post"}],"author":[{"embeddable":true,"href":"https:\/\/www.caririemacao.com\/1\/wp-json\/wp\/v2\/users\/1"}],"replies":[{"embeddable":true,"href":"https:\/\/www.caririemacao.com\/1\/wp-json\/wp\/v2\/comments?post=118924"}],"version-history":[{"count":1,"href":"https:\/\/www.caririemacao.com\/1\/wp-json\/wp\/v2\/posts\/118924\/revisions"}],"predecessor-version":[{"id":118926,"href":"https:\/\/www.caririemacao.com\/1\/wp-json\/wp\/v2\/posts\/118924\/revisions\/118926"}],"wp:featuredmedia":[{"embeddable":true,"href":"https:\/\/www.caririemacao.com\/1\/wp-json\/wp\/v2\/media\/111985"}],"wp:attachment":[{"href":"https:\/\/www.caririemacao.com\/1\/wp-json\/wp\/v2\/media?parent=118924"}],"wp:term":[{"taxonomy":"category","embeddable":true,"href":"https:\/\/www.caririemacao.com\/1\/wp-json\/wp\/v2\/categories?post=118924"},{"taxonomy":"post_tag","embeddable":true,"href":"https:\/\/www.caririemacao.com\/1\/wp-json\/wp\/v2\/tags?post=118924"}],"curies":[{"name":"wp","href":"https:\/\/api.w.org\/{rel}","templated":true}]}}