{"id":118960,"date":"2019-09-23T07:18:32","date_gmt":"2019-09-23T10:18:32","guid":{"rendered":"http:\/\/www.caririemacao.com\/1\/?p=118960"},"modified":"2019-09-23T07:18:32","modified_gmt":"2019-09-23T10:18:32","slug":"jogador-brasileiro-e-vitima-de-racismo-e-jogo-e-paralisado-na-italia","status":"publish","type":"post","link":"https:\/\/www.caririemacao.com\/1\/2019\/09\/23\/jogador-brasileiro-e-vitima-de-racismo-e-jogo-e-paralisado-na-italia\/","title":{"rendered":"Jogador brasileiro \u00e9 v\u00edtima de racismo e jogo \u00e9 paralisado na It\u00e1lia"},"content":{"rendered":"\n<p>O lateral-esquerdo brasileiro Dalbert, da Fiorentina, se tornou neste domingo (22) a mais nova v\u00edtima de racismo no futebol italiano. Torcedores do Atalanta evocaram cantos ofensivos e preconceituosos contra o brasileiro de 26 anos.<\/p>\n\n\n\n<p>Ele avisou o \u00e1rbitro da partida entre Atalanta e Fiorentina, que interrompeu o jogo aos 31 minutos do primeiro tempo. O sistema de som do est\u00e1dio emitiu um aviso sobre a proibi\u00e7\u00e3o de cantos ofensivos, e o jogo retomou tr\u00eas minutos depois, terminando empatada por 2 a 2.<\/p>\n\n\n\n<p>Dalbert teve passagens pelas divis\u00f5es de base do Barra Mansa, Flamengo e Fluminense, mas sua carreira profissional come\u00e7ou no ano de 2013 em Portugal, onde defendeu as cores do Acad\u00eamico de Viseu e do Vit\u00f3ria de Guimar\u00e3es.<\/p>\n\n\n\n<p>Em 2016, se transferiu para o franc\u00eas Nice e foi comprado no ano seguinte pela Internazionale de Mil\u00e3o, que nesta temporada o emprestou para a Viola. Com o resultado do jogo de hoje, a Atalanta est\u00e1 na quinta posi\u00e7\u00e3o do Campeonato Italiano, com sete pontos, enquanto a Fiorentina \u00e9 a lanterna da competi\u00e7\u00e3o, com apenas dois pontos.<\/p>\n","protected":false},"excerpt":{"rendered":"<p>O lateral-esquerdo brasileiro Dalbert, da Fiorentina, se tornou neste domingo (22) a mais nova v\u00edtima de racismo no futebol italiano. Torcedores do Atalanta evocaram cantos&hellip; <\/p>\n","protected":false},"author":1,"featured_media":118962,"comment_status":"closed","ping_status":"closed","sticky":false,"template":"","format":"standard","meta":{"sfsi_plus_gutenberg_text_before_share":"","sfsi_plus_gutenberg_show_text_before_share":"","sfsi_plus_gutenberg_icon_type":"","sfsi_plus_gutenberg_icon_alignemt":"","sfsi_plus_gutenburg_max_per_row":"","footnotes":""},"categories":[2],"tags":[],"class_list":["post-118960","post","type-post","status-publish","format-standard","has-post-thumbnail","hentry","category-geral"],"_links":{"self":[{"href":"https:\/\/www.caririemacao.com\/1\/wp-json\/wp\/v2\/posts\/118960","targetHints":{"allow":["GET"]}}],"collection":[{"href":"https:\/\/www.caririemacao.com\/1\/wp-json\/wp\/v2\/posts"}],"about":[{"href":"https:\/\/www.caririemacao.com\/1\/wp-json\/wp\/v2\/types\/post"}],"author":[{"embeddable":true,"href":"https:\/\/www.caririemacao.com\/1\/wp-json\/wp\/v2\/users\/1"}],"replies":[{"embeddable":true,"href":"https:\/\/www.caririemacao.com\/1\/wp-json\/wp\/v2\/comments?post=118960"}],"version-history":[{"count":1,"href":"https:\/\/www.caririemacao.com\/1\/wp-json\/wp\/v2\/posts\/118960\/revisions"}],"predecessor-version":[{"id":118963,"href":"https:\/\/www.caririemacao.com\/1\/wp-json\/wp\/v2\/posts\/118960\/revisions\/118963"}],"wp:featuredmedia":[{"embeddable":true,"href":"https:\/\/www.caririemacao.com\/1\/wp-json\/wp\/v2\/media\/118962"}],"wp:attachment":[{"href":"https:\/\/www.caririemacao.com\/1\/wp-json\/wp\/v2\/media?parent=118960"}],"wp:term":[{"taxonomy":"category","embeddable":true,"href":"https:\/\/www.caririemacao.com\/1\/wp-json\/wp\/v2\/categories?post=118960"},{"taxonomy":"post_tag","embeddable":true,"href":"https:\/\/www.caririemacao.com\/1\/wp-json\/wp\/v2\/tags?post=118960"}],"curies":[{"name":"wp","href":"https:\/\/api.w.org\/{rel}","templated":true}]}}