{"id":118972,"date":"2019-09-23T07:20:21","date_gmt":"2019-09-23T10:20:21","guid":{"rendered":"http:\/\/www.caririemacao.com\/1\/?p=118972"},"modified":"2019-09-23T07:20:21","modified_gmt":"2019-09-23T10:20:21","slug":"padre-e-morto-em-obra-de-igreja-durante-assalto-em-brasilia","status":"publish","type":"post","link":"https:\/\/www.caririemacao.com\/1\/2019\/09\/23\/padre-e-morto-em-obra-de-igreja-durante-assalto-em-brasilia\/","title":{"rendered":"Padre \u00e9 morto em obra de igreja durante assalto em Bras\u00edlia"},"content":{"rendered":"\n<p>Um padre foi morto na noite deste s\u00e1bado (21), durante um assalto em uma casa paroquial, na Asa Norte, em Bras\u00edlia. O crime ocorreu em uma obra da igreja Nossa Senhora da Sa\u00fade, na quadra 702.<\/p>\n\n\n\n<p>O corpo do sacerdote foi encontrado pr\u00f3ximo \u00e0 obra, com os p\u00e9s e as m\u00e3os amarrados, e com um arame enrolado ao pesco\u00e7o. O caseiro, que cuidava da constru\u00e7\u00e3o de um audit\u00f3rio, tamb\u00e9m foi feito ref\u00e9m pelos bandidos. Segundo a Pol\u00edcia Militar, o caseiro conseguiu gritar e pedir socorro.<\/p>\n\n\n\n<p>De acordo com a Pol\u00edcia Civil o caso est\u00e1 sendo investigado como latroc\u00ednio \u2013 roubo seguido de morte . O crime ocorreu no momento que o padre Kazimerz Wojn, de 71 anos, foi fiscalizar uma obra que acontece no terreno da igreja.<br><\/p>\n\n\n\n<p>A Arquidiocese de Bras\u00edlia informou que est\u00e1 acompanhando o caso. O padre Kazimerez Wojn era polon\u00eas. Os fi\u00e9is o chamavam de &#8220;Padre Casemiro&#8221;. Ele tinha 46 anos, de sacerd\u00f3cio.<\/p>\n\n\n\n<p>Ao G1, investigadores informaram que o padre Kazimerz foi asfixiado pelos assaltantes, que reviraram a casa paroquial e levaram diversos objetos do local.<br><\/p>\n\n\n\n<p>Os suspeitos fugiram e n\u00e3o foram identificados at\u00e9 a publica\u00e7\u00e3o desta reportagem.<\/p>\n\n\n\n<p>Na manh\u00e3 deste domingo (22), policiais da 2\u00aa Delegacia de Pol\u00edcia (Asa Norte), ainda estavam no local para a realiza\u00e7\u00e3o de per\u00edcia.<\/p>\n\n\n\n<p>A reportagem esteve no local e conversou com fi\u00e9is que estavam assustados com o crime. O aposentado Luciano Amaral, de 75 anos trabalha h\u00e1 mais de 10 anos na Par\u00f3quia Nossa Senhora da Sa\u00fade e disse o padre celebraria a missa marcada para \u00e0s 8h30.<\/p>\n\n\n\n<p>&#8221; Estamos chegando para a missa agora. N\u00f3s ficamos sabendo agora. N\u00e3o sabemos como vai ser. T\u00e1 todo mundo chocado.&#8221;<\/p>\n\n\n\n<figure class=\"wp-block-image\"><img decoding=\"async\" data-src=\"https:\/\/www.clickpb.com.br\/media\/filer_public\/5d\/7f\/5d7fcf3b-22e4-4d78-a04d-e2285a6d8b20\/obrapadre.jpeg\" alt=\"\" src=\"data:image\/svg+xml;base64,PHN2ZyB3aWR0aD0iMSIgaGVpZ2h0PSIxIiB4bWxucz0iaHR0cDovL3d3dy53My5vcmcvMjAwMC9zdmciPjwvc3ZnPg==\" class=\"lazyload\" \/><\/figure>\n\n\n\n<p><strong>Outro crime na Igreja<br><\/strong><\/p>\n\n\n\n<p>Em abril deste ano, a igreja Nossa Senhora da Sa\u00fade \u2013 que o padre era respons\u00e1vel foi invadida. Assaltantes levaram o sacr\u00e1rio \u2013 objeto de ouro que guardava cerca de cem h\u00f3stias; elas representam o corpo de Jesus Cristo aos cat\u00f3licos. O crime ocorreu ap\u00f3s missa de P\u00e1scoa.<\/p>\n\n\n\n<p>No mesmo m\u00eas, o sacr\u00e1rio foi devolvido para a igreja pela dona de um ferro velho de Samambaia que comprou a pe\u00e7a por R$ 160 de dois homens. Ao ver do que se tratava, segundo o padre, ela decidiu devolver \u00e0 igreja.<\/p>\n","protected":false},"excerpt":{"rendered":"<p>Um padre foi morto na noite deste s\u00e1bado (21), durante um assalto em uma casa paroquial, na Asa Norte, em Bras\u00edlia. O crime ocorreu em&hellip; <\/p>\n","protected":false},"author":1,"featured_media":118976,"comment_status":"closed","ping_status":"closed","sticky":false,"template":"","format":"standard","meta":{"sfsi_plus_gutenberg_text_before_share":"","sfsi_plus_gutenberg_show_text_before_share":"","sfsi_plus_gutenberg_icon_type":"","sfsi_plus_gutenberg_icon_alignemt":"","sfsi_plus_gutenburg_max_per_row":"","footnotes":""},"categories":[12],"tags":[],"class_list":["post-118972","post","type-post","status-publish","format-standard","has-post-thumbnail","hentry","category-policia"],"_links":{"self":[{"href":"https:\/\/www.caririemacao.com\/1\/wp-json\/wp\/v2\/posts\/118972","targetHints":{"allow":["GET"]}}],"collection":[{"href":"https:\/\/www.caririemacao.com\/1\/wp-json\/wp\/v2\/posts"}],"about":[{"href":"https:\/\/www.caririemacao.com\/1\/wp-json\/wp\/v2\/types\/post"}],"author":[{"embeddable":true,"href":"https:\/\/www.caririemacao.com\/1\/wp-json\/wp\/v2\/users\/1"}],"replies":[{"embeddable":true,"href":"https:\/\/www.caririemacao.com\/1\/wp-json\/wp\/v2\/comments?post=118972"}],"version-history":[{"count":1,"href":"https:\/\/www.caririemacao.com\/1\/wp-json\/wp\/v2\/posts\/118972\/revisions"}],"predecessor-version":[{"id":118977,"href":"https:\/\/www.caririemacao.com\/1\/wp-json\/wp\/v2\/posts\/118972\/revisions\/118977"}],"wp:featuredmedia":[{"embeddable":true,"href":"https:\/\/www.caririemacao.com\/1\/wp-json\/wp\/v2\/media\/118976"}],"wp:attachment":[{"href":"https:\/\/www.caririemacao.com\/1\/wp-json\/wp\/v2\/media?parent=118972"}],"wp:term":[{"taxonomy":"category","embeddable":true,"href":"https:\/\/www.caririemacao.com\/1\/wp-json\/wp\/v2\/categories?post=118972"},{"taxonomy":"post_tag","embeddable":true,"href":"https:\/\/www.caririemacao.com\/1\/wp-json\/wp\/v2\/tags?post=118972"}],"curies":[{"name":"wp","href":"https:\/\/api.w.org\/{rel}","templated":true}]}}