{"id":119008,"date":"2019-09-23T07:26:07","date_gmt":"2019-09-23T10:26:07","guid":{"rendered":"http:\/\/www.caririemacao.com\/1\/?p=119008"},"modified":"2019-09-23T07:26:07","modified_gmt":"2019-09-23T10:26:07","slug":"parada-lgbti-do-rio-celebra-40-anos-de-atos-no-brasil","status":"publish","type":"post","link":"https:\/\/www.caririemacao.com\/1\/2019\/09\/23\/parada-lgbti-do-rio-celebra-40-anos-de-atos-no-brasil\/","title":{"rendered":"Parada LGBTI do Rio celebra 40 anos de atos no Brasil"},"content":{"rendered":"\n<p>&nbsp;A Parada do Orgulho LGBTI [L\u00e9sbicas, Gays, Bissexuais, Transexuais, Travestis e Intersexuais] de Copacabana comemora hoje (22) os 40 anos do movimento no Brasil e os 50 anos da Revolta de Stonewall, considerada um marco hist\u00f3rico da luta por diversidade em todo o mundo.<\/p>\n\n\n\n<p>A manifesta\u00e7\u00e3o na orla do Rio \u00e9 a mais antiga da parada do pa\u00eds e foi iniciada em 1995 pelo Grupo Arco-\u00cdris, que ainda \u00e9 respons\u00e1vel pela organiza\u00e7\u00e3o.<\/p>\n\n\n\n<p>Realizada em 1969, em Nova York, a Revolta de Stonewall ocorreu em resposta a atua\u00e7\u00e3o policial contra frequentadores do bar Stonewall Inn, onde LGBTIs da cidade costumavam se encontrar. A luta pelo respeito \u00e0 diversidade sexual em Nova York teve eco em todo o mundo e uma das lideran\u00e7as do movimento, a travesti Marsha P. Johnson, est\u00e1 entre as homenageadas na parada do Rio. &nbsp;<\/p>\n\n\n\n<p>No Brasil, a lista de homenageados inclui nomes como o de Jo\u00e3o W. Nery, primeiro homem transexual a passar por cirurgias de redesigna\u00e7\u00e3o sexual no pa\u00eds, e o de Rosely Roth, que liderou o movimento de l\u00e9sbicas, que frequentavam o Ferros Bar, em S\u00e3o Paulo.<\/p>\n\n\n\n<figure class=\"wp-block-image\"><img decoding=\"async\" data-src=\"http:\/\/imagens.ebc.com.br\/8QewE2DjG7KdU8gNmEacomqZa84=\/754x0\/smart\/http:\/\/agenciabrasil.ebc.com.br\/sites\/default\/files\/thumbnails\/image\/parada_gay_rj_22.09_10.jpeg?itok=G9zGqph-\" alt=\"24\u00aa Parada do Orgulho LGBT do Rio de Janeiro\" src=\"data:image\/svg+xml;base64,PHN2ZyB3aWR0aD0iMSIgaGVpZ2h0PSIxIiB4bWxucz0iaHR0cDovL3d3dy53My5vcmcvMjAwMC9zdmciPjwvc3ZnPg==\" class=\"lazyload\" \/><\/figure>\n\n\n\n<p>24\u00aa Parada do Orgulho LGBT do Rio de Janeiro &#8211;&nbsp;<strong>Tomaz Silva\/Ag\u00eancia Bras<\/strong><\/p>\n\n\n\n<p>Presente desde a primeira edi\u00e7\u00e3o da parada, a travesti Jane di Castro cantou o Hino Nacional e foi uma das homenageadas na manifesta\u00e7\u00e3o. &#8220;Vivi algo muito pior que Stonewall&#8221;, lamentou Jane, que contou ter perdido muitos amigos e que se orgulha por ter participado da gera\u00e7\u00e3o que abriu caminho para artistas transexuais e drags que fazem sucesso hoje.<\/p>\n\n\n\n<p>Sob chuva fina e vento, uma multid\u00e3o se juntou aos trios el\u00e9tricos da parada, que conta neste ano com atra\u00e7\u00f5es musicais como Pabllo Vittar, Lexa e MC Rebecca. O clima n\u00e3o desanimou o p\u00fablico, que dan\u00e7ou m\u00fasicas de diversos ritmos. Coordenador e fundador da parada, Claudio Nascimento ressaltou que o Grupo Arco-\u00cdris enfrentou grandes dificuldades para realizar a parada neste ano.<\/p>\n\n\n\n<p>&#8220;H\u00e1 tr\u00eas semanas, a gente n\u00e3o sabia se teria um trio el\u00e9trico&#8221;, disse. Ele disse que contou com o apoio de 400 volunt\u00e1rios, sendo 68% pessoas de periferias. &#8220;Isso mostra que est\u00e1 acontecendo um grito tamb\u00e9m da periferia, do sub\u00farbio, dizendo que quer ter vez, voz e visibilidade. Por mais que aconte\u00e7a em Copacabana, ela n\u00e3o \u00e9 da zona sul. Ela atravessa a cidade e pega o estado todo.&#8221;<\/p>\n\n\n\n<p>O tema da parada neste ano foi &#8220;Pela democracia, liberdade e direitos: ontem, hoje e sempre&#8221;, com mensagens pela liberdade de express\u00e3o, art\u00edstica e de afeto. Dividida em alas, a manifesta\u00e7\u00e3o trouxe bandeiras como a preven\u00e7\u00e3o do suic\u00eddio, a luta antirracista e a visibilidade espec\u00edfica das pessoas bissexuais, do movimento trans e das mulheres l\u00e9sbicas. Tamb\u00e9m foram pautadas na parada a import\u00e2ncia da liberdade religiosa, o direito \u00e0 moradia, a participa\u00e7\u00e3o dos LGBTIs no esporte e a necessidade de a cultura ser preservada como espa\u00e7o de diversidade e visibilidade.<\/p>\n\n\n\n<p>Representante do movimento de l\u00e9sbicas na Baixada Fluminense, Ang\u00e9lica Oliveira defendeu a import\u00e2ncia de dar visibilidade a cada um dos grupos que comp\u00f5em a popula\u00e7\u00e3o LGBTI e pediu que as minorias lembrem das marcas que apoiam a causa quando forem consumir.<\/p>\n\n\n\n<p>&#8220;Vamos consumir aqueles que nos abra\u00e7am, que vestem as nossas camisas e n\u00e3o t\u00eam vergonha das nossas cores&#8221;, disse. &#8220;N\u00e3o somos s\u00f3 LGBTs, somos profissionais, pais, m\u00e3es, tios e tias.&#8221;<\/p>\n\n\n\n<p>A defesa da vida da popula\u00e7\u00e3o negra tamb\u00e9m fez parte da manifesta\u00e7\u00e3o. O ato homenageou a vereadora Marielle Franco, que era LGBTI e foi assassinada em mar\u00e7o do ano passado. Tamb\u00e9m foi lembrada a menina \u00c1gatha Vit\u00f3ria, de 8 anos, que foi assassinada na sexta-feira (20) com um tiro nas costas, no Complexo do Alem\u00e3o.<\/p>\n\n\n\n<p>A tentativa do prefeito do Rio de Janeiro, Marcelo Crivella, de recolher livros na Bienal do Livro tamb\u00e9m foi alvo de cr\u00edticas durante a manifesta\u00e7\u00e3o, que defendeu a liberdade art\u00edstica e a visibilidade da popula\u00e7\u00e3o LGBTI. No in\u00edcio de setembro, o prefeito considerou que uma hist\u00f3ria em quadrinhos com personagens homossexuais era impr\u00f3pria e determinou o recolhimento de exemplares na feira liter\u00e1ria, o que criou uma batalha judicial que chegou ao Supremo Tribunal Federal (STF).<\/p>\n\n\n\n<p>Representa\u00e7\u00f5es consulares de 15 pa\u00edses como Canad\u00e1, Fran\u00e7a, Noruega, Alemanha e B\u00e9lgica participaram da parada, pela primeira vez, em uma ala chamada &#8220;Solidariedade Internacional&#8221;.<\/p>\n\n\n\n<p>O c\u00f4nsul-geral da Fran\u00e7a no Rio de Janeiro, Jean Paul Guihuam\u00e9, afirmou que a a\u00e7\u00e3o inclui &#8220;pa\u00edses que t\u00eam a diversidade como valor&#8221;.<\/p>\n\n\n\n<p>Os organizadores do evento estimatam que o p\u00fablico na parada deste ano foi de 800 mil pessoas.<\/p>\n","protected":false},"excerpt":{"rendered":"<p>&nbsp;A Parada do Orgulho LGBTI [L\u00e9sbicas, Gays, Bissexuais, Transexuais, Travestis e Intersexuais] de Copacabana comemora hoje (22) os 40 anos do movimento no Brasil e&hellip; <\/p>\n","protected":false},"author":1,"featured_media":119010,"comment_status":"closed","ping_status":"closed","sticky":false,"template":"","format":"standard","meta":{"sfsi_plus_gutenberg_text_before_share":"","sfsi_plus_gutenberg_show_text_before_share":"","sfsi_plus_gutenberg_icon_type":"","sfsi_plus_gutenberg_icon_alignemt":"","sfsi_plus_gutenburg_max_per_row":"","footnotes":""},"categories":[2],"tags":[],"class_list":["post-119008","post","type-post","status-publish","format-standard","has-post-thumbnail","hentry","category-geral"],"_links":{"self":[{"href":"https:\/\/www.caririemacao.com\/1\/wp-json\/wp\/v2\/posts\/119008","targetHints":{"allow":["GET"]}}],"collection":[{"href":"https:\/\/www.caririemacao.com\/1\/wp-json\/wp\/v2\/posts"}],"about":[{"href":"https:\/\/www.caririemacao.com\/1\/wp-json\/wp\/v2\/types\/post"}],"author":[{"embeddable":true,"href":"https:\/\/www.caririemacao.com\/1\/wp-json\/wp\/v2\/users\/1"}],"replies":[{"embeddable":true,"href":"https:\/\/www.caririemacao.com\/1\/wp-json\/wp\/v2\/comments?post=119008"}],"version-history":[{"count":1,"href":"https:\/\/www.caririemacao.com\/1\/wp-json\/wp\/v2\/posts\/119008\/revisions"}],"predecessor-version":[{"id":119011,"href":"https:\/\/www.caririemacao.com\/1\/wp-json\/wp\/v2\/posts\/119008\/revisions\/119011"}],"wp:featuredmedia":[{"embeddable":true,"href":"https:\/\/www.caririemacao.com\/1\/wp-json\/wp\/v2\/media\/119010"}],"wp:attachment":[{"href":"https:\/\/www.caririemacao.com\/1\/wp-json\/wp\/v2\/media?parent=119008"}],"wp:term":[{"taxonomy":"category","embeddable":true,"href":"https:\/\/www.caririemacao.com\/1\/wp-json\/wp\/v2\/categories?post=119008"},{"taxonomy":"post_tag","embeddable":true,"href":"https:\/\/www.caririemacao.com\/1\/wp-json\/wp\/v2\/tags?post=119008"}],"curies":[{"name":"wp","href":"https:\/\/api.w.org\/{rel}","templated":true}]}}