{"id":119018,"date":"2019-09-23T07:28:05","date_gmt":"2019-09-23T10:28:05","guid":{"rendered":"http:\/\/www.caririemacao.com\/1\/?p=119018"},"modified":"2019-09-23T07:28:05","modified_gmt":"2019-09-23T10:28:05","slug":"sao-paulo-vai-lancar-guia-sobre-transporte-de-animais-domesticos","status":"publish","type":"post","link":"https:\/\/www.caririemacao.com\/1\/2019\/09\/23\/sao-paulo-vai-lancar-guia-sobre-transporte-de-animais-domesticos\/","title":{"rendered":"S\u00e3o Paulo vai lan\u00e7ar guia sobre transporte de animais dom\u00e9sticos"},"content":{"rendered":"\n<p>A Secretaria Municipal de Mobilidade e Transportes (SMT) da capital paulista lan\u00e7a amanh\u00e3 (22) um guia de boas pr\u00e1ticas sobre transporte de&nbsp;animais de estima\u00e7\u00e3o em diferentes modais, como \u00f4nibus, autom\u00f3vel, metr\u00f4 e&nbsp;bicicleta. O lan\u00e7amento do guia ser\u00e1 realizado na Pra\u00e7a do Ciclista, regi\u00e3o da Avenida Paulista, das 10h \u00e0s 14h.<\/p>\n\n\n\n<p>O guia de boas pr\u00e1ticas re\u00fane, de um jeito pr\u00e1tico e f\u00e1cil de ler, recomenda\u00e7\u00f5es aos tutores de como transportar seus bichinhos de estima\u00e7\u00e3o com cautela e seguran\u00e7a no tr\u00e2nsito,&nbsp;ainda que n\u00e3o haja, at\u00e9 o momento, uma legisla\u00e7\u00e3o espec\u00edfica para regulamentar o transporte de pets em \u00e2mbito nacional. O conte\u00fado contempla tamb\u00e9m a quest\u00e3o do c\u00e3o-guia, cuja presen\u00e7a por lei deve ser aceita em qualquer lugar p\u00fablico, inclusive nos meios de transporte.<\/p>\n\n\n\n<p>O documento \u00e9 uma publica\u00e7\u00e3o de 12 p\u00e1ginas, com tiragem de 1.000 exemplares. O guia tamb\u00e9m estar\u00e1 dispon\u00edvel em PDF para download nos sites da&nbsp;<a href=\"https:\/\/www.prefeitura.sp.gov.br\/cidade\/secretarias\/transportes\/\" target=\"_blank\" rel=\"noreferrer noopener\">secretaria de mobilidade<\/a>, da&nbsp;<a href=\"http:\/\/www.cetsp.com.br\/\" target=\"_blank\" rel=\"noreferrer noopener\">Companhia de Engenharia de Tr\u00e1fego (CET)<\/a>&nbsp;e do&nbsp;<a href=\"http:\/\/www.sptrans.com.br\/\" target=\"_blank\" rel=\"noreferrer noopener\">SPTrans<\/a>.<\/p>\n\n\n\n<p>Durante o evento, ser\u00e1 poss\u00edvel ainda adotar c\u00e3es levados pela organiza\u00e7\u00e3o n\u00e3o governamental (ONG) Associa\u00e7\u00e3o Amigos dos Animais de Louveira (AMALO).<\/p>\n\n\n\n<p>Haver\u00e1 ainda uma caminhada de&nbsp;idosos do Polo Cultural da Terceira Idade &#8211; Jos\u00e9 Lewgoy, vinculado \u00e0 Secretaria Municipal de Direitos Humanos e Cidadania (SMDHC), pela Avenida Paulista, percorrendo a p\u00e9 o trecho entre o n\u00b0 119 da avenida (Sesc Paulista) e a Pra\u00e7a do Ciclista, onde o grupo se encontrar\u00e1 com os participantes do evento de lan\u00e7amento da cartilha.<\/p>\n\n\n\n<p>Promovida pela prefeitura, a Semana da Mobilidade 2019 segue at\u00e9 o dia 25 de setembro com&nbsp;<a href=\"http:\/\/semanadamobilidade.prefeitura.sp.gov.br\/\" target=\"_blank\" rel=\"noreferrer noopener\">diversas programa\u00e7\u00f5es<\/a>&nbsp;pela cidade.&nbsp;<\/p>\n","protected":false},"excerpt":{"rendered":"<p>A Secretaria Municipal de Mobilidade e Transportes (SMT) da capital paulista lan\u00e7a amanh\u00e3 (22) um guia de boas pr\u00e1ticas sobre transporte de&nbsp;animais de estima\u00e7\u00e3o em&hellip; <\/p>\n","protected":false},"author":1,"featured_media":119020,"comment_status":"closed","ping_status":"closed","sticky":false,"template":"","format":"standard","meta":{"sfsi_plus_gutenberg_text_before_share":"","sfsi_plus_gutenberg_show_text_before_share":"","sfsi_plus_gutenberg_icon_type":"","sfsi_plus_gutenberg_icon_alignemt":"","sfsi_plus_gutenburg_max_per_row":"","footnotes":""},"categories":[2],"tags":[],"class_list":["post-119018","post","type-post","status-publish","format-standard","has-post-thumbnail","hentry","category-geral"],"_links":{"self":[{"href":"https:\/\/www.caririemacao.com\/1\/wp-json\/wp\/v2\/posts\/119018","targetHints":{"allow":["GET"]}}],"collection":[{"href":"https:\/\/www.caririemacao.com\/1\/wp-json\/wp\/v2\/posts"}],"about":[{"href":"https:\/\/www.caririemacao.com\/1\/wp-json\/wp\/v2\/types\/post"}],"author":[{"embeddable":true,"href":"https:\/\/www.caririemacao.com\/1\/wp-json\/wp\/v2\/users\/1"}],"replies":[{"embeddable":true,"href":"https:\/\/www.caririemacao.com\/1\/wp-json\/wp\/v2\/comments?post=119018"}],"version-history":[{"count":1,"href":"https:\/\/www.caririemacao.com\/1\/wp-json\/wp\/v2\/posts\/119018\/revisions"}],"predecessor-version":[{"id":119021,"href":"https:\/\/www.caririemacao.com\/1\/wp-json\/wp\/v2\/posts\/119018\/revisions\/119021"}],"wp:featuredmedia":[{"embeddable":true,"href":"https:\/\/www.caririemacao.com\/1\/wp-json\/wp\/v2\/media\/119020"}],"wp:attachment":[{"href":"https:\/\/www.caririemacao.com\/1\/wp-json\/wp\/v2\/media?parent=119018"}],"wp:term":[{"taxonomy":"category","embeddable":true,"href":"https:\/\/www.caririemacao.com\/1\/wp-json\/wp\/v2\/categories?post=119018"},{"taxonomy":"post_tag","embeddable":true,"href":"https:\/\/www.caririemacao.com\/1\/wp-json\/wp\/v2\/tags?post=119018"}],"curies":[{"name":"wp","href":"https:\/\/api.w.org\/{rel}","templated":true}]}}