{"id":119050,"date":"2019-09-23T07:44:13","date_gmt":"2019-09-23T10:44:13","guid":{"rendered":"http:\/\/www.caririemacao.com\/1\/?p=119050"},"modified":"2019-09-23T07:44:13","modified_gmt":"2019-09-23T10:44:13","slug":"concursos-17-orgaos-abrem-inscricoes-para-mais-de-1-500-vagas-nesta-segunda","status":"publish","type":"post","link":"https:\/\/www.caririemacao.com\/1\/2019\/09\/23\/concursos-17-orgaos-abrem-inscricoes-para-mais-de-1-500-vagas-nesta-segunda\/","title":{"rendered":"Concursos: 17 \u00f3rg\u00e3os abrem inscri\u00e7\u00f5es para mais de 1.500 vagas nesta segunda"},"content":{"rendered":"\n<p>Pelo menos 17 \u00f3rg\u00e3os de diferentes regi\u00f5es do pa\u00eds abrem nesta segunda-feira (23) inscri\u00e7\u00f5es de concursos p\u00fablicos para mais de 1.500 vagas em cargos de todos os n\u00edveis de escolaridade.<\/p>\n\n\n\n<p>Na Prefeitura de Borraz\u00f3polis (PR), os sal\u00e1rios chegam a R$ 14.448,43. J\u00e1 na Assembleia Legislativa do Amap\u00e1, as remunera\u00e7\u00f5es v\u00e3o at\u00e9 R$ 11.395,00.<\/p>\n\n\n\n<p><a href=\"http:\/\/especiais.g1.globo.com\/economia\/concursos-e-emprego\/lista-de-concursos-publicos-e-vagas-de-emprego\/\" target=\"_blank\" rel=\"noreferrer noopener\">CONFIRA AQUI A LISTA COMPLETA DE CONCURSOS E OPORTUNIDADES<\/a><\/p>\n\n\n\n<p>Veja abaixo os detalhes dos concursos:<\/p>\n\n\n\n<h2 class=\"wp-block-heading\">Prefeitura de Viana (MA)<\/h2>\n\n\n\n<ul class=\"wp-block-list\"><li>Inscri\u00e7\u00f5es: at\u00e9 31\/10\/2019<\/li><li>339 vagas<\/li><li>Sal\u00e1rios de at\u00e9 R$ 5.998,00<\/li><li>Cargos de n\u00edvel fundamental, m\u00e9dio e superior<\/li><\/ul>\n\n\n\n<p><a href=\"https:\/\/g1.globo.com\/ma\/maranhao\/noticia\/2019\/09\/19\/prefeitura-lanca-concurso-com-salario-ate-r-6-mil-no-maranhao.ghtml\">Veja o edital<\/a><\/p>\n\n\n\n<h2 class=\"wp-block-heading\">Prefeitura de Belo Jardim (PE)<\/h2>\n\n\n\n<ul class=\"wp-block-list\"><li>Inscri\u00e7\u00f5es: at\u00e9 25\/10\/2019<\/li><li>376 vagas<\/li><li>Sal\u00e1rios de at\u00e9 R$ 3.000,00<\/li><li>Cargos de n\u00edvel fundamental, m\u00e9dio e superior<\/li><\/ul>\n\n\n\n<p><a href=\"http:\/\/www.facetconcursos.com.br\/\" target=\"_blank\" rel=\"noreferrer noopener\">Veja o edital<\/a><\/p>\n\n\n\n<h2 class=\"wp-block-heading\">Prefeitura de Campo Verde (MT)<\/h2>\n\n\n\n<ul class=\"wp-block-list\"><li>Inscri\u00e7\u00f5es: at\u00e9 07\/10\/2019<\/li><li>40 vagas<\/li><li>Sal\u00e1rios de at\u00e9 R$ 5.497,80<\/li><li>Cargos de n\u00edvel fundamental, m\u00e9dio e superior<\/li><\/ul>\n\n\n\n<p><a href=\"https:\/\/www.klcconcursos.com.br\/\" target=\"_blank\" rel=\"noreferrer noopener\">Veja o edital<\/a><\/p>\n\n\n\n<h2 class=\"wp-block-heading\">Prefeitura de Santa Luiza d\u2019Oeste (RO)<\/h2>\n\n\n\n<ul class=\"wp-block-list\"><li>Inscri\u00e7\u00f5es: at\u00e9 30\/09\/2019<\/li><li>1 vaga (cl\u00ednico geral)<\/li><li>Sal\u00e1rio de R$ 7.000,00<\/li><li>Cargos de n\u00edvel superior<\/li><\/ul>\n\n\n\n<p><a href=\"http:\/\/www.santaluzia.ro.gov.br\/\" target=\"_blank\" rel=\"noreferrer noopener\">Veja o edital<\/a><\/p>\n\n\n\n<h2 class=\"wp-block-heading\">Prefeitura de Arari (MA)<\/h2>\n\n\n\n<ul class=\"wp-block-list\"><li>Inscri\u00e7\u00f5es: at\u00e9 03\/10\/2019<\/li><li>175 vagas<\/li><li>Sal\u00e1rios de at\u00e9 R$ 2.000,00<\/li><li>Cargos de n\u00edvel fundamental, m\u00e9dio e superior<\/li><\/ul>\n\n\n\n<p><a href=\"https:\/\/www.fsadu.org.br\/c\/central\/\" target=\"_blank\" rel=\"noreferrer noopener\">Veja o edital<\/a><\/p>\n\n\n\n<h2 class=\"wp-block-heading\">Prefeitura de Ipueira (RN)<\/h2>\n\n\n\n<ul class=\"wp-block-list\"><li>Inscri\u00e7\u00f5es: at\u00e9 11\/10\/2019<\/li><li>6 vagas<\/li><li>Sal\u00e1rios de at\u00e9 R$ 2.000,00<\/li><li>Cargos de n\u00edvel m\u00e9dio e superior<\/li><\/ul>\n\n\n\n<p><a href=\"http:\/\/www.funvapi.com.br\/\" target=\"_blank\" rel=\"noreferrer noopener\">Veja o edital<\/a><\/p>\n\n\n\n<h2 class=\"wp-block-heading\">Prefeitura de Diorama (GO)<\/h2>\n\n\n\n<ul class=\"wp-block-list\"><li>Inscri\u00e7\u00f5es: at\u00e9 13\/10\/2019<\/li><li>10 vagas<\/li><li>Sal\u00e1rios de at\u00e9 R$ 3.169,96<\/li><li>Cargos de n\u00edvel m\u00e9dio e superior<\/li><\/ul>\n\n\n\n<p><a href=\"http:\/\/www.institutoexcelenciapr.com.br\/concurso\/Concurso-Publico-PMD\" target=\"_blank\" rel=\"noreferrer noopener\">Veja o edital<\/a><\/p>\n\n\n\n<h2 class=\"wp-block-heading\">Prefeitura de Salitre (MG)<\/h2>\n\n\n\n<ul class=\"wp-block-list\"><li>Inscri\u00e7\u00f5es: at\u00e9 18\/10\/2019<\/li><li>1 vaga (procurador municipal)<\/li><li>Sal\u00e1rio de R$ 2.685,23<\/li><li>Cargos de n\u00edvel superior<\/li><\/ul>\n\n\n\n<p><a href=\"https:\/\/www.serradosalitre.mg.gov.br\/\" target=\"_blank\" rel=\"noreferrer noopener\">Veja o edital<\/a><\/p>\n\n\n\n<h2 class=\"wp-block-heading\">Prefeitura de Parnamirim (RN)<\/h2>\n\n\n\n<ul class=\"wp-block-list\"><li>Inscri\u00e7\u00f5es: at\u00e9 22\/10\/2019<\/li><li>244 vagas<\/li><li>Sal\u00e1rios de R$ 998,00<\/li><li>Cargos de n\u00edvel m\u00e9dio<\/li><\/ul>\n\n\n\n<p><a href=\"http:\/\/funcern.br\/concursos\/concurso-publico-apoio-escolar-parnamirimrn\/\" target=\"_blank\" rel=\"noreferrer noopener\">Veja o edital<\/a><\/p>\n\n\n\n<h2 class=\"wp-block-heading\">Prefeitura de Nortel\u00e2ndia (MT)<\/h2>\n\n\n\n<ul class=\"wp-block-list\"><li>Inscri\u00e7\u00f5es: at\u00e9 22\/10\/2019<\/li><li>107 vagas<\/li><li>Sal\u00e1rios de R$ 3.900,00<\/li><li>Cargos de n\u00edvel fundamental, m\u00e9dio e superior<\/li><\/ul>\n\n\n\n<p><a href=\"https:\/\/www.metodoesolucoes.com.br\/informacoes\/20\/\" target=\"_blank\" rel=\"noreferrer noopener\">Veja o edital<\/a><\/p>\n\n\n\n<h2 class=\"wp-block-heading\">Prefeitura de Rio das Flores (RJ)<\/h2>\n\n\n\n<ul class=\"wp-block-list\"><li>Inscri\u00e7\u00f5es: at\u00e9 23\/10\/2019<\/li><li>74 vagas<\/li><li>Sal\u00e1rios de R$ 2.940,56<\/li><li>Cargos de n\u00edvel m\u00e9dio e superior<\/li><\/ul>\n\n\n\n<p><a href=\"http:\/\/www.riodasflores.rj.gov.br\/\" target=\"_blank\" rel=\"noreferrer noopener\">Veja o edital<\/a><\/p>\n\n\n\n<h2 class=\"wp-block-heading\">Prefeitura de Cabre\u00fava (SP)<\/h2>\n\n\n\n<ul class=\"wp-block-list\"><li>Inscri\u00e7\u00f5es: at\u00e9 25\/10\/2019<\/li><li>56 vagas<\/li><li>Sal\u00e1rios de R$ 7.830,20<\/li><li>Cargos de n\u00edvel fundamental, m\u00e9dio e superior<\/li><\/ul>\n\n\n\n<p><a href=\"https:\/\/www.institutomais.org.br\/Concursos\/Detalhe\/343\" target=\"_blank\" rel=\"noreferrer noopener\">Veja o edital<\/a><\/p>\n\n\n\n<h2 class=\"wp-block-heading\">Assembleia Legislativa do Amap\u00e1<\/h2>\n\n\n\n<ul class=\"wp-block-list\"><li>Inscri\u00e7\u00f5es: at\u00e9 30\/10\/2019<\/li><li>129 vagas<\/li><li>Sal\u00e1rios de R$ 11.395,01<\/li><li>Cargos de n\u00edvel m\u00e9dio e superior<\/li><\/ul>\n\n\n\n<p><a href=\"https:\/\/www.concursosfcc.com.br\/concursos\/aleap119\/index.html\" target=\"_blank\" rel=\"noreferrer noopener\">Veja o edital<\/a><\/p>\n\n\n\n<h2 class=\"wp-block-heading\">Prefeitura de Santa B\u00e1rbara<\/h2>\n\n\n\n<ul class=\"wp-block-list\"><li>Inscri\u00e7\u00f5es: at\u00e9 27\/09\/2019<\/li><li>4 vagas<\/li><li>Sal\u00e1rios de R$ 1.140,92<\/li><li>Cargos de n\u00edvel m\u00e9dio<\/li><\/ul>\n\n\n\n<p><a href=\"http:\/\/www.santabarbara.mg.gov.br\/downloads\/categoria\/editais\/22\" target=\"_blank\" rel=\"noreferrer noopener\">Veja o edital<\/a><\/p>\n\n\n\n<h2 class=\"wp-block-heading\">Prefeitura de Borraz\u00f3polis (PR)<\/h2>\n\n\n\n<ul class=\"wp-block-list\"><li>Inscri\u00e7\u00f5es: at\u00e9 21\/10\/2019<\/li><li>14 vagas<\/li><li>Sal\u00e1rios de R$ 14.448,43<\/li><li>Cargos de n\u00edvel superior<\/li><\/ul>\n\n\n\n<p><a href=\"https:\/\/www.fundacaofafipa.org.br\/informacoes\/3687\/\" target=\"_blank\" rel=\"noreferrer noopener\">Veja o edital<\/a><\/p>\n\n\n\n<h2 class=\"wp-block-heading\">Prefeitura de Linha Nova (RS)<\/h2>\n\n\n\n<ul class=\"wp-block-list\"><li>Inscri\u00e7\u00f5es: at\u00e9 07\/10\/2019<\/li><li>4 vagas<\/li><li>Sal\u00e1rios de R$ 9.330,72<\/li><li>Cargos de n\u00edvel superior<\/li><\/ul>\n\n\n\n<p><a href=\"https:\/\/www.unars.com.br\/concursos-detalhes\/?cn=307\" target=\"_blank\" rel=\"noreferrer noopener\">Veja o edital<\/a><\/p>\n\n\n\n<h2 class=\"wp-block-heading\">Secretaria do Estado de Sa\u00fade do Mato Grosso<\/h2>\n\n\n\n<ul class=\"wp-block-list\"><li>Inscri\u00e7\u00f5es: at\u00e9 04\/10\/2019<\/li><li>5 vagas<\/li><li>Sal\u00e1rios de R$ 5.000,00<\/li><li>Cargos de n\u00edvel superior<\/li><\/ul>\n\n\n\n<p><a href=\"http:\/\/www.saude.mt.gov.br\/\" target=\"_blank\" rel=\"noreferrer noopener\">Veja o edital<\/a><\/p>\n\n\n\n<p><a href=\"http:\/\/www.saude.mt.gov.br\/\">http:\/\/www.saude.mt.gov.br\/<\/a><\/p>\n","protected":false},"excerpt":{"rendered":"<p>Pelo menos 17 \u00f3rg\u00e3os de diferentes regi\u00f5es do pa\u00eds abrem nesta segunda-feira (23) inscri\u00e7\u00f5es de concursos p\u00fablicos para mais de 1.500 vagas em cargos de&hellip; <\/p>\n","protected":false},"author":1,"featured_media":114732,"comment_status":"closed","ping_status":"closed","sticky":false,"template":"","format":"standard","meta":{"sfsi_plus_gutenberg_text_before_share":"","sfsi_plus_gutenberg_show_text_before_share":"","sfsi_plus_gutenberg_icon_type":"","sfsi_plus_gutenberg_icon_alignemt":"","sfsi_plus_gutenburg_max_per_row":"","footnotes":""},"categories":[6],"tags":[],"class_list":["post-119050","post","type-post","status-publish","format-standard","has-post-thumbnail","hentry","category-cidades"],"_links":{"self":[{"href":"https:\/\/www.caririemacao.com\/1\/wp-json\/wp\/v2\/posts\/119050","targetHints":{"allow":["GET"]}}],"collection":[{"href":"https:\/\/www.caririemacao.com\/1\/wp-json\/wp\/v2\/posts"}],"about":[{"href":"https:\/\/www.caririemacao.com\/1\/wp-json\/wp\/v2\/types\/post"}],"author":[{"embeddable":true,"href":"https:\/\/www.caririemacao.com\/1\/wp-json\/wp\/v2\/users\/1"}],"replies":[{"embeddable":true,"href":"https:\/\/www.caririemacao.com\/1\/wp-json\/wp\/v2\/comments?post=119050"}],"version-history":[{"count":1,"href":"https:\/\/www.caririemacao.com\/1\/wp-json\/wp\/v2\/posts\/119050\/revisions"}],"predecessor-version":[{"id":119052,"href":"https:\/\/www.caririemacao.com\/1\/wp-json\/wp\/v2\/posts\/119050\/revisions\/119052"}],"wp:featuredmedia":[{"embeddable":true,"href":"https:\/\/www.caririemacao.com\/1\/wp-json\/wp\/v2\/media\/114732"}],"wp:attachment":[{"href":"https:\/\/www.caririemacao.com\/1\/wp-json\/wp\/v2\/media?parent=119050"}],"wp:term":[{"taxonomy":"category","embeddable":true,"href":"https:\/\/www.caririemacao.com\/1\/wp-json\/wp\/v2\/categories?post=119050"},{"taxonomy":"post_tag","embeddable":true,"href":"https:\/\/www.caririemacao.com\/1\/wp-json\/wp\/v2\/tags?post=119050"}],"curies":[{"name":"wp","href":"https:\/\/api.w.org\/{rel}","templated":true}]}}