{"id":119060,"date":"2019-09-23T08:30:16","date_gmt":"2019-09-23T11:30:16","guid":{"rendered":"http:\/\/www.caririemacao.com\/1\/?p=119060"},"modified":"2019-09-23T08:33:58","modified_gmt":"2019-09-23T11:33:58","slug":"luto-prefeita-adia-conferencia-de-assistencia-social-de-ouro-velho","status":"publish","type":"post","link":"https:\/\/www.caririemacao.com\/1\/2019\/09\/23\/luto-prefeita-adia-conferencia-de-assistencia-social-de-ouro-velho\/","title":{"rendered":"LUTO: Prefeita adia Confer\u00eancia de Assist\u00eancia Social de Ouro Velho"},"content":{"rendered":"\n<p>A Prefeitura de Ouro Velho, atrav\u00e9s da Secretaria Municipal de Assist\u00eancia Social informa que a Confer\u00eancia Municipal de Assist\u00eancia Social que estava marca para ser realizada nesta segunda-feira, dia 23, foi adiada em virtude do falecimento do jovem ourovelhense,\u00a0Diego, ocorrido na noite deste domingo, em um acidente pr\u00f3ximo a cidade de Congo.<\/p>\n\n\n\n<p>Em contato com o Cariri em A\u00e7\u00e3o, a secret\u00e1ria Aline Licena, disse que n\u00e3o h\u00e1 clima para realizar o evento e por isso a prefeita Nat\u00e1lia decidiu adiar para a pr\u00f3xima segunda-feira, dia 30, em respeito \u00e0 fam\u00edlia e a todos seus amigos.<\/p>\n","protected":false},"excerpt":{"rendered":"<p>A Prefeitura de Ouro Velho, atrav\u00e9s da Secretaria Municipal de Assist\u00eancia Social informa que a Confer\u00eancia Municipal de Assist\u00eancia Social que estava marca para ser&hellip; <\/p>\n","protected":false},"author":2,"featured_media":44178,"comment_status":"closed","ping_status":"closed","sticky":false,"template":"","format":"standard","meta":{"sfsi_plus_gutenberg_text_before_share":"","sfsi_plus_gutenberg_show_text_before_share":"","sfsi_plus_gutenberg_icon_type":"","sfsi_plus_gutenberg_icon_alignemt":"","sfsi_plus_gutenburg_max_per_row":"","footnotes":""},"categories":[6,50],"tags":[],"class_list":["post-119060","post","type-post","status-publish","format-standard","has-post-thumbnail","hentry","category-cidades","category-destaque"],"_links":{"self":[{"href":"https:\/\/www.caririemacao.com\/1\/wp-json\/wp\/v2\/posts\/119060","targetHints":{"allow":["GET"]}}],"collection":[{"href":"https:\/\/www.caririemacao.com\/1\/wp-json\/wp\/v2\/posts"}],"about":[{"href":"https:\/\/www.caririemacao.com\/1\/wp-json\/wp\/v2\/types\/post"}],"author":[{"embeddable":true,"href":"https:\/\/www.caririemacao.com\/1\/wp-json\/wp\/v2\/users\/2"}],"replies":[{"embeddable":true,"href":"https:\/\/www.caririemacao.com\/1\/wp-json\/wp\/v2\/comments?post=119060"}],"version-history":[{"count":2,"href":"https:\/\/www.caririemacao.com\/1\/wp-json\/wp\/v2\/posts\/119060\/revisions"}],"predecessor-version":[{"id":119062,"href":"https:\/\/www.caririemacao.com\/1\/wp-json\/wp\/v2\/posts\/119060\/revisions\/119062"}],"wp:featuredmedia":[{"embeddable":true,"href":"https:\/\/www.caririemacao.com\/1\/wp-json\/wp\/v2\/media\/44178"}],"wp:attachment":[{"href":"https:\/\/www.caririemacao.com\/1\/wp-json\/wp\/v2\/media?parent=119060"}],"wp:term":[{"taxonomy":"category","embeddable":true,"href":"https:\/\/www.caririemacao.com\/1\/wp-json\/wp\/v2\/categories?post=119060"},{"taxonomy":"post_tag","embeddable":true,"href":"https:\/\/www.caririemacao.com\/1\/wp-json\/wp\/v2\/tags?post=119060"}],"curies":[{"name":"wp","href":"https:\/\/api.w.org\/{rel}","templated":true}]}}