{"id":119088,"date":"2019-09-23T08:48:05","date_gmt":"2019-09-23T11:48:05","guid":{"rendered":"http:\/\/www.caririemacao.com\/1\/?p=119088"},"modified":"2019-09-23T08:48:05","modified_gmt":"2019-09-23T11:48:05","slug":"mae-e-filho-morrem-ao-serem-atropelados-na-calcada-de-casa-em-areia","status":"publish","type":"post","link":"https:\/\/www.caririemacao.com\/1\/2019\/09\/23\/mae-e-filho-morrem-ao-serem-atropelados-na-calcada-de-casa-em-areia\/","title":{"rendered":"M\u00e3e e filho morrem ao serem atropelados na cal\u00e7ada de casa em Areia"},"content":{"rendered":"\n<p>Uma mulher e uma crian\u00e7a de 10 anos morreram, na noite deste domingo (22), na cidade de Areia, na Para\u00edba. Al\u00e9m deles, o pai e mais duas crian\u00e7as uma de 4 anos e outra 6 anos tamb\u00e9m foram atropelados.&nbsp;<\/p>\n\n\n\n<p>A fam\u00edlia estava na cal\u00e7ada da resid\u00eancia quando foram surpreendidos pelo ve\u00edculo.<\/p>\n\n\n\n<p>A crian\u00e7a morreu ainda no local. A m\u00e3e, Laudecir Cruz do Nascimento, de 34 anos chegou a ser socorrida, por\u00e9m n\u00e3o resistiu aos ferimentos e morreu ap\u00f3s receber os primeiros atendimentos.&nbsp;<\/p>\n\n\n\n<p>O pais e as outras duas crian\u00e7as deram entrada no Hospital de Trauma de Campina Grande.&nbsp;Jo\u00e3o Batista Porfirio dos Santos, de 28 anos passou por uma cirurgia e seu estado de sa\u00fade \u00e9 est\u00e1vel. A menina de 4 anos est\u00e1 na observa\u00e7\u00e3o infantil e seu estado de sa\u00fade tamb\u00e9m \u00e9 considerado est\u00e1vel. J\u00e1 a outra crian\u00e7a de 6 anos, est\u00e1 na UTI Infantil e seu estado de sa\u00fade \u00e9 grave.<\/p>\n\n\n\n<p>O condutor do ve\u00edculo fugiu do local e segue foragido.&nbsp;<\/p>\n","protected":false},"excerpt":{"rendered":"<p>Uma mulher e uma crian\u00e7a de 10 anos morreram, na noite deste domingo (22), na cidade de Areia, na Para\u00edba. Al\u00e9m deles, o pai e&hellip; <\/p>\n","protected":false},"author":1,"featured_media":119090,"comment_status":"closed","ping_status":"closed","sticky":false,"template":"","format":"standard","meta":{"sfsi_plus_gutenberg_text_before_share":"","sfsi_plus_gutenberg_show_text_before_share":"","sfsi_plus_gutenberg_icon_type":"","sfsi_plus_gutenberg_icon_alignemt":"","sfsi_plus_gutenburg_max_per_row":"","footnotes":""},"categories":[12],"tags":[],"class_list":["post-119088","post","type-post","status-publish","format-standard","has-post-thumbnail","hentry","category-policia"],"_links":{"self":[{"href":"https:\/\/www.caririemacao.com\/1\/wp-json\/wp\/v2\/posts\/119088","targetHints":{"allow":["GET"]}}],"collection":[{"href":"https:\/\/www.caririemacao.com\/1\/wp-json\/wp\/v2\/posts"}],"about":[{"href":"https:\/\/www.caririemacao.com\/1\/wp-json\/wp\/v2\/types\/post"}],"author":[{"embeddable":true,"href":"https:\/\/www.caririemacao.com\/1\/wp-json\/wp\/v2\/users\/1"}],"replies":[{"embeddable":true,"href":"https:\/\/www.caririemacao.com\/1\/wp-json\/wp\/v2\/comments?post=119088"}],"version-history":[{"count":1,"href":"https:\/\/www.caririemacao.com\/1\/wp-json\/wp\/v2\/posts\/119088\/revisions"}],"predecessor-version":[{"id":119091,"href":"https:\/\/www.caririemacao.com\/1\/wp-json\/wp\/v2\/posts\/119088\/revisions\/119091"}],"wp:featuredmedia":[{"embeddable":true,"href":"https:\/\/www.caririemacao.com\/1\/wp-json\/wp\/v2\/media\/119090"}],"wp:attachment":[{"href":"https:\/\/www.caririemacao.com\/1\/wp-json\/wp\/v2\/media?parent=119088"}],"wp:term":[{"taxonomy":"category","embeddable":true,"href":"https:\/\/www.caririemacao.com\/1\/wp-json\/wp\/v2\/categories?post=119088"},{"taxonomy":"post_tag","embeddable":true,"href":"https:\/\/www.caririemacao.com\/1\/wp-json\/wp\/v2\/tags?post=119088"}],"curies":[{"name":"wp","href":"https:\/\/api.w.org\/{rel}","templated":true}]}}