{"id":119113,"date":"2019-09-23T09:00:04","date_gmt":"2019-09-23T12:00:04","guid":{"rendered":"http:\/\/www.caririemacao.com\/1\/?p=119113"},"modified":"2019-09-23T09:00:04","modified_gmt":"2019-09-23T12:00:04","slug":"temperatura-media-do-planeta-pode-subir-34c-ate-2100","status":"publish","type":"post","link":"https:\/\/www.caririemacao.com\/1\/2019\/09\/23\/temperatura-media-do-planeta-pode-subir-34c-ate-2100\/","title":{"rendered":"Temperatura m\u00e9dia do planeta pode subir 3,4\u00b0C at\u00e9 2100"},"content":{"rendered":"\n<p>Um novo relat\u00f3rio da Organiza\u00e7\u00e3o das Na\u00e7\u00f5es Unidas (ONU) aponta que a m\u00e9dia da temperatura do planeta poder\u00e1 aumentar em at\u00e9 3,4 \u00ba C at\u00e9 o final deste s\u00e9culo.<\/p>\n\n\n\n<p>O documento, que re\u00fane estudos cient\u00edficos da Organiza\u00e7\u00e3o Meteorol\u00f3gica Mundial e outros \u00f3rg\u00e3os especializados, foi publicado nesse domingo (22), um dia antes do in\u00edcio da C\u00fapula sobre a A\u00e7\u00e3o Clim\u00e1tica em Nova York.<\/p>\n\n\n\n<p>Segundo o documento, que defende a ado\u00e7\u00e3o de medidas para combater o aquecimento global, a m\u00e9dia da temperatura do planeta de 2015 para 2019 ser\u00e1 0,2 \u00ba C acima do per\u00edodo anterior de cinco anos. Al\u00e9m disso, ela \u00e9 1,1\u00ba C mais quente que os n\u00edveis pr\u00e9-industriais de 1850 a 1900.<\/p>\n\n\n\n<p>O relat\u00f3rio ainda aponta que o aumento dos n\u00edveis dos mares tem acelerado, e indica que a acidez dos oceanos aumentou 26% desde o in\u00edcio do per\u00edodo industrial por causa da absor\u00e7\u00e3o do CO2 liberado na atmosfera pelo uso de combust\u00edveis f\u00f3sseis.<\/p>\n\n\n\n<p>O documento afirma que as emiss\u00f5es de gases de efeito estufa continuam a subir porque combust\u00edveis f\u00f3sseis como o carv\u00e3o e o petr\u00f3leo ainda s\u00e3o as principais fontes de energia da humanidade.<\/p>\n\n\n\n<p>Por fim, o relat\u00f3rio alerta que a temperatura m\u00e9dia global poder\u00e1 aumentar 3,4 \u00ba C at\u00e9 2100 mesmo se governos conseguirem cortar suas emiss\u00f5es como prometido. Segundo o documento, pa\u00edses precisam se esfor\u00e7ar ainda mais para limitar o aumento em 1,5 \u00ba C acima dos n\u00edveis pr\u00e9-industriais.<\/p>\n\n\n\n<p>O secret\u00e1rio-geral da ONU, Ant\u00f3nio Guterres, pediu que l\u00edderes mundiais levem os fatos a s\u00e9rio e urgentemente fa\u00e7am algo a respeito.<\/p>\n","protected":false},"excerpt":{"rendered":"<p>Um novo relat\u00f3rio da Organiza\u00e7\u00e3o das Na\u00e7\u00f5es Unidas (ONU) aponta que a m\u00e9dia da temperatura do planeta poder\u00e1 aumentar em at\u00e9 3,4 \u00ba C at\u00e9&hellip; <\/p>\n","protected":false},"author":1,"featured_media":114236,"comment_status":"closed","ping_status":"closed","sticky":false,"template":"","format":"standard","meta":{"sfsi_plus_gutenberg_text_before_share":"","sfsi_plus_gutenberg_show_text_before_share":"","sfsi_plus_gutenberg_icon_type":"","sfsi_plus_gutenberg_icon_alignemt":"","sfsi_plus_gutenburg_max_per_row":"","footnotes":""},"categories":[2],"tags":[],"class_list":["post-119113","post","type-post","status-publish","format-standard","has-post-thumbnail","hentry","category-geral"],"_links":{"self":[{"href":"https:\/\/www.caririemacao.com\/1\/wp-json\/wp\/v2\/posts\/119113","targetHints":{"allow":["GET"]}}],"collection":[{"href":"https:\/\/www.caririemacao.com\/1\/wp-json\/wp\/v2\/posts"}],"about":[{"href":"https:\/\/www.caririemacao.com\/1\/wp-json\/wp\/v2\/types\/post"}],"author":[{"embeddable":true,"href":"https:\/\/www.caririemacao.com\/1\/wp-json\/wp\/v2\/users\/1"}],"replies":[{"embeddable":true,"href":"https:\/\/www.caririemacao.com\/1\/wp-json\/wp\/v2\/comments?post=119113"}],"version-history":[{"count":1,"href":"https:\/\/www.caririemacao.com\/1\/wp-json\/wp\/v2\/posts\/119113\/revisions"}],"predecessor-version":[{"id":119115,"href":"https:\/\/www.caririemacao.com\/1\/wp-json\/wp\/v2\/posts\/119113\/revisions\/119115"}],"wp:featuredmedia":[{"embeddable":true,"href":"https:\/\/www.caririemacao.com\/1\/wp-json\/wp\/v2\/media\/114236"}],"wp:attachment":[{"href":"https:\/\/www.caririemacao.com\/1\/wp-json\/wp\/v2\/media?parent=119113"}],"wp:term":[{"taxonomy":"category","embeddable":true,"href":"https:\/\/www.caririemacao.com\/1\/wp-json\/wp\/v2\/categories?post=119113"},{"taxonomy":"post_tag","embeddable":true,"href":"https:\/\/www.caririemacao.com\/1\/wp-json\/wp\/v2\/tags?post=119113"}],"curies":[{"name":"wp","href":"https:\/\/api.w.org\/{rel}","templated":true}]}}