{"id":119148,"date":"2019-09-23T09:11:17","date_gmt":"2019-09-23T12:11:17","guid":{"rendered":"http:\/\/www.caririemacao.com\/1\/?p=119148"},"modified":"2019-09-23T09:11:17","modified_gmt":"2019-09-23T12:11:17","slug":"mec-quer-contratar-professores-para-universidades-atraves-da-clt","status":"publish","type":"post","link":"https:\/\/www.caririemacao.com\/1\/2019\/09\/23\/mec-quer-contratar-professores-para-universidades-atraves-da-clt\/","title":{"rendered":"MEC quer contratar professores para universidades atrav\u00e9s da CLT"},"content":{"rendered":"\n<p>ministro da Educa\u00e7\u00e3o, Abraham Weintraub,&nbsp;pretende estimular as universidades federais a usarem o regime CLT (de carteira assinada) para contratar&nbsp;professores&nbsp;e t\u00e9cnicos, informa nesta segunda-feira o jornal O Estado de S\u00e3o Paulo.<\/p>\n\n\n\n<p>Pela proposta, os contratos ser\u00e3o intermediados por Organiza\u00e7\u00f5es Sociais (OS), entidades privadas que prestam servi\u00e7os no setor e n\u00e3o precisam seguir a Lei de Licita\u00e7\u00f5es e Concursos.<\/p>\n\n\n\n<figure class=\"wp-block-image\"><img decoding=\"async\" data-src=\"https:\/\/paraibaonline.com.br\/wp-content\/uploads\/2019\/07\/weintraub1707.jpg\" alt=\"Marcelo Camargo\/Ag\u00eancia Brasil\" class=\"wp-image-752074 lazyload\" src=\"data:image\/svg+xml;base64,PHN2ZyB3aWR0aD0iMSIgaGVpZ2h0PSIxIiB4bWxucz0iaHR0cDovL3d3dy53My5vcmcvMjAwMC9zdmciPjwvc3ZnPg==\" \/><\/figure>\n\n\n\n<p>Foto: Marcelo Camargo\/Ag\u00eancia Brasil<\/p>\n\n\n\n<p>Ele frisa&nbsp;que a pr\u00e1tica de contratar sem concurso ser\u00e1 exig\u00eancia para a entrada das universidades no Future-se, projeto do governo de captar recursos privados.<\/p>\n\n\n\n<p>\u201cFaculdades e universidades que aderirem ao Future-se ter\u00e3o de passar a contratar via CLT e n\u00e3o mais via concurso p\u00fablico, disse o ministro, conforme o jornal.<\/p>\n\n\n\n<p>*fonte: estadao<\/p>\n","protected":false},"excerpt":{"rendered":"<p>ministro da Educa\u00e7\u00e3o, Abraham Weintraub,&nbsp;pretende estimular as universidades federais a usarem o regime CLT (de carteira assinada) para contratar&nbsp;professores&nbsp;e t\u00e9cnicos, informa nesta segunda-feira o jornal&hellip; <\/p>\n","protected":false},"author":1,"featured_media":115659,"comment_status":"closed","ping_status":"closed","sticky":false,"template":"","format":"standard","meta":{"sfsi_plus_gutenberg_text_before_share":"","sfsi_plus_gutenberg_show_text_before_share":"","sfsi_plus_gutenberg_icon_type":"","sfsi_plus_gutenberg_icon_alignemt":"","sfsi_plus_gutenburg_max_per_row":"","footnotes":""},"categories":[2],"tags":[],"class_list":["post-119148","post","type-post","status-publish","format-standard","has-post-thumbnail","hentry","category-geral"],"_links":{"self":[{"href":"https:\/\/www.caririemacao.com\/1\/wp-json\/wp\/v2\/posts\/119148","targetHints":{"allow":["GET"]}}],"collection":[{"href":"https:\/\/www.caririemacao.com\/1\/wp-json\/wp\/v2\/posts"}],"about":[{"href":"https:\/\/www.caririemacao.com\/1\/wp-json\/wp\/v2\/types\/post"}],"author":[{"embeddable":true,"href":"https:\/\/www.caririemacao.com\/1\/wp-json\/wp\/v2\/users\/1"}],"replies":[{"embeddable":true,"href":"https:\/\/www.caririemacao.com\/1\/wp-json\/wp\/v2\/comments?post=119148"}],"version-history":[{"count":1,"href":"https:\/\/www.caririemacao.com\/1\/wp-json\/wp\/v2\/posts\/119148\/revisions"}],"predecessor-version":[{"id":119150,"href":"https:\/\/www.caririemacao.com\/1\/wp-json\/wp\/v2\/posts\/119148\/revisions\/119150"}],"wp:featuredmedia":[{"embeddable":true,"href":"https:\/\/www.caririemacao.com\/1\/wp-json\/wp\/v2\/media\/115659"}],"wp:attachment":[{"href":"https:\/\/www.caririemacao.com\/1\/wp-json\/wp\/v2\/media?parent=119148"}],"wp:term":[{"taxonomy":"category","embeddable":true,"href":"https:\/\/www.caririemacao.com\/1\/wp-json\/wp\/v2\/categories?post=119148"},{"taxonomy":"post_tag","embeddable":true,"href":"https:\/\/www.caririemacao.com\/1\/wp-json\/wp\/v2\/tags?post=119148"}],"curies":[{"name":"wp","href":"https:\/\/api.w.org\/{rel}","templated":true}]}}