{"id":119159,"date":"2019-09-23T10:30:53","date_gmt":"2019-09-23T13:30:53","guid":{"rendered":"http:\/\/www.caririemacao.com\/1\/?p=119159"},"modified":"2019-09-23T10:30:53","modified_gmt":"2019-09-23T13:30:53","slug":"homem-e-preso-suspeito-de-agredir-e-manter-companheira-em-carcere-privado-na-paraiba","status":"publish","type":"post","link":"https:\/\/www.caririemacao.com\/1\/2019\/09\/23\/homem-e-preso-suspeito-de-agredir-e-manter-companheira-em-carcere-privado-na-paraiba\/","title":{"rendered":"Homem \u00e9 preso suspeito de agredir e manter companheira em c\u00e1rcere privado na Para\u00edba"},"content":{"rendered":"\n<p>Um homem foi preso, na noite deste domingo (22), suspeito de agredir e manter a companheira em c\u00e1rcere privado, na cidade de Patos, na Para\u00edba. Al\u00e9m disso, o homem foi autuado por tentativa de estupro, pois segundo a v\u00edtima, ele tentava manter rela\u00e7\u00f5es sexuais \u00e0 for\u00e7a.&nbsp;<\/p>\n\n\n\n<p>De acordo com a delegada, Silvia Alencar, o suspeito de 34 anos foi preso, ap\u00f3s&nbsp;den\u00fancias an\u00f4nimas \u00e0 Delegacia da Mulher. Conforme a delegada, quando os policiais chegaram na resid\u00eancia do casal, encontraram a v\u00edtima e o suspeito.&nbsp;<\/p>\n\n\n\n<p>A mulher relatou \u00e0 pol\u00edcia que o homem havia voltado de Manaus h\u00e1 cerca de dois meses e que, desde ent\u00e3o, a agredia e n\u00e3o a deixava sair sozinha na rua. Ela era agredida com tapas e ele chegou a bater com a cabe\u00e7a dela contra a parede, al\u00e9m de amea\u00e7ar a m\u00e3e da v\u00edtima.&nbsp;<\/p>\n\n\n\n<p>Ainda segundo a delegada, quando a pol\u00edcia chegou na resid\u00eancia, o suspeito conseguiu despistar os policiais e fugiu do local. Horas depois, ap\u00f3s uma outra den\u00fancia, o homem foi localizado escondido dentro de um banheiro, em uma casa abandonada pr\u00f3ximo \u00e0 resid\u00eancia do casal.<\/p>\n\n\n\n<p>O suspeito j\u00e1 possui passagem pela pol\u00edcia por furto, porte ilegal de arma de fogo e viol\u00eancia dom\u00e9stica.<\/p>\n\n\n\n<p>Ele foi encaminhado ao pres\u00eddio da cidade de Patos.<\/p>\n","protected":false},"excerpt":{"rendered":"<p>Um homem foi preso, na noite deste domingo (22), suspeito de agredir e manter a companheira em c\u00e1rcere privado, na cidade de Patos, na Para\u00edba.&hellip; <\/p>\n","protected":false},"author":1,"featured_media":119178,"comment_status":"closed","ping_status":"closed","sticky":false,"template":"","format":"standard","meta":{"sfsi_plus_gutenberg_text_before_share":"","sfsi_plus_gutenberg_show_text_before_share":"","sfsi_plus_gutenberg_icon_type":"","sfsi_plus_gutenberg_icon_alignemt":"","sfsi_plus_gutenburg_max_per_row":"","footnotes":""},"categories":[12],"tags":[],"class_list":["post-119159","post","type-post","status-publish","format-standard","has-post-thumbnail","hentry","category-policia"],"_links":{"self":[{"href":"https:\/\/www.caririemacao.com\/1\/wp-json\/wp\/v2\/posts\/119159","targetHints":{"allow":["GET"]}}],"collection":[{"href":"https:\/\/www.caririemacao.com\/1\/wp-json\/wp\/v2\/posts"}],"about":[{"href":"https:\/\/www.caririemacao.com\/1\/wp-json\/wp\/v2\/types\/post"}],"author":[{"embeddable":true,"href":"https:\/\/www.caririemacao.com\/1\/wp-json\/wp\/v2\/users\/1"}],"replies":[{"embeddable":true,"href":"https:\/\/www.caririemacao.com\/1\/wp-json\/wp\/v2\/comments?post=119159"}],"version-history":[{"count":1,"href":"https:\/\/www.caririemacao.com\/1\/wp-json\/wp\/v2\/posts\/119159\/revisions"}],"predecessor-version":[{"id":119179,"href":"https:\/\/www.caririemacao.com\/1\/wp-json\/wp\/v2\/posts\/119159\/revisions\/119179"}],"wp:featuredmedia":[{"embeddable":true,"href":"https:\/\/www.caririemacao.com\/1\/wp-json\/wp\/v2\/media\/119178"}],"wp:attachment":[{"href":"https:\/\/www.caririemacao.com\/1\/wp-json\/wp\/v2\/media?parent=119159"}],"wp:term":[{"taxonomy":"category","embeddable":true,"href":"https:\/\/www.caririemacao.com\/1\/wp-json\/wp\/v2\/categories?post=119159"},{"taxonomy":"post_tag","embeddable":true,"href":"https:\/\/www.caririemacao.com\/1\/wp-json\/wp\/v2\/tags?post=119159"}],"curies":[{"name":"wp","href":"https:\/\/api.w.org\/{rel}","templated":true}]}}