{"id":119161,"date":"2019-09-23T09:33:52","date_gmt":"2019-09-23T12:33:52","guid":{"rendered":"http:\/\/www.caririemacao.com\/1\/?p=119161"},"modified":"2019-09-23T09:42:20","modified_gmt":"2019-09-23T12:42:20","slug":"alianca-de-passagem-e-amigos-de-caraubas-sao-os-finalistas-da-copa-caraubense-de-futebol","status":"publish","type":"post","link":"https:\/\/www.caririemacao.com\/1\/2019\/09\/23\/alianca-de-passagem-e-amigos-de-caraubas-sao-os-finalistas-da-copa-caraubense-de-futebol\/","title":{"rendered":"Alian\u00e7a de Passagem e Amigos de Cara\u00fabas s\u00e3o os finalistas da Copa Caraubense de Futebol"},"content":{"rendered":"\n<p>Depois de v\u00e1rias partidas bastante acirradas, o Campeonato Municipal de Futebol de Cara\u00fabas chegou as fases finais com a realiza\u00e7\u00e3o de dois grandes jogos. Os jogos da semifinal foram realizados neste domingo, dia 22, no Est\u00e1dio de Futebol Jos\u00e9 Valderi Neves.<\/p>\n\n\n\n<figure class=\"wp-block-image\"><img fetchpriority=\"high\" decoding=\"async\" width=\"730\" height=\"490\" src=\"http:\/\/www.caririemacao.com\/1\/wp-content\/uploads\/2019\/09\/2232.png\" alt=\"\" class=\"wp-image-119167\" srcset=\"https:\/\/www.caririemacao.com\/1\/wp-content\/uploads\/2019\/09\/2232.png 730w, https:\/\/www.caririemacao.com\/1\/wp-content\/uploads\/2019\/09\/2232-300x201.png 300w\" sizes=\"(max-width: 730px) 100vw, 730px\" \/><\/figure>\n\n\n\n<p>A primeira disputa foi entre a equipe da comunidade de Passagem, a aguerrida Alian\u00e7a F. C. que enfrentou a equipe do Barreiras Futebol Clube. <\/p>\n\n\n\n<figure class=\"wp-block-image\"><img decoding=\"async\" width=\"960\" height=\"640\" data-src=\"http:\/\/www.caririemacao.com\/1\/wp-content\/uploads\/2019\/09\/70642573_1656809227788427_2508438579366068224_n.jpg\" alt=\"\" class=\"wp-image-119171 lazyload\" data-srcset=\"https:\/\/www.caririemacao.com\/1\/wp-content\/uploads\/2019\/09\/70642573_1656809227788427_2508438579366068224_n.jpg 960w, https:\/\/www.caririemacao.com\/1\/wp-content\/uploads\/2019\/09\/70642573_1656809227788427_2508438579366068224_n-300x200.jpg 300w, https:\/\/www.caririemacao.com\/1\/wp-content\/uploads\/2019\/09\/70642573_1656809227788427_2508438579366068224_n-768x512.jpg 768w\" data-sizes=\"(max-width: 960px) 100vw, 960px\" src=\"data:image\/svg+xml;base64,PHN2ZyB3aWR0aD0iMSIgaGVpZ2h0PSIxIiB4bWxucz0iaHR0cDovL3d3dy53My5vcmcvMjAwMC9zdmciPjwvc3ZnPg==\" style=\"--smush-placeholder-width: 960px; --smush-placeholder-aspect-ratio: 960\/640;\" \/><\/figure>\n\n\n\n<p>Em campo, o jogo ficou em 1 a 1. A disputa foi para os p\u00eanaltis e a equipe do Alian\u00e7a de Passagem foi a melhor e venceu o confronto. O Alian\u00e7a \u00e9 a primeira equipe a garantir a vaga para a grande final que acontece neste pr\u00f3ximo domingo.<\/p>\n\n\n\n<figure class=\"wp-block-image\"><img decoding=\"async\" width=\"960\" height=\"640\" data-src=\"http:\/\/www.caririemacao.com\/1\/wp-content\/uploads\/2019\/09\/71119907_1656814991121184_8191786601060237312_n.jpg\" alt=\"\" class=\"wp-image-119163 lazyload\" data-srcset=\"https:\/\/www.caririemacao.com\/1\/wp-content\/uploads\/2019\/09\/71119907_1656814991121184_8191786601060237312_n.jpg 960w, https:\/\/www.caririemacao.com\/1\/wp-content\/uploads\/2019\/09\/71119907_1656814991121184_8191786601060237312_n-300x200.jpg 300w, https:\/\/www.caririemacao.com\/1\/wp-content\/uploads\/2019\/09\/71119907_1656814991121184_8191786601060237312_n-768x512.jpg 768w\" data-sizes=\"(max-width: 960px) 100vw, 960px\" src=\"data:image\/svg+xml;base64,PHN2ZyB3aWR0aD0iMSIgaGVpZ2h0PSIxIiB4bWxucz0iaHR0cDovL3d3dy53My5vcmcvMjAwMC9zdmciPjwvc3ZnPg==\" style=\"--smush-placeholder-width: 960px; --smush-placeholder-aspect-ratio: 960\/640;\" \/><\/figure>\n\n\n\n<p>Em seguida, as equipes dos Amigos de Cara\u00fabas enfrentou a forte e jovem equipe do Zenit. A equipe do Zenit come\u00e7ou ganhando, marcando um gol de p\u00eanalti. Em seguida, em contra-ataque, os Amigos de Cara\u00fabas marcou um gol e empatou o certame. A disputa foi para os p\u00eanaltis. <\/p>\n\n\n\n<figure class=\"wp-block-image\"><img decoding=\"async\" width=\"960\" height=\"640\" data-src=\"http:\/\/www.caririemacao.com\/1\/wp-content\/uploads\/2019\/09\/70512281_1656817234454293_2746496466120867840_n.jpg\" alt=\"\" class=\"wp-image-119165 lazyload\" data-srcset=\"https:\/\/www.caririemacao.com\/1\/wp-content\/uploads\/2019\/09\/70512281_1656817234454293_2746496466120867840_n.jpg 960w, https:\/\/www.caririemacao.com\/1\/wp-content\/uploads\/2019\/09\/70512281_1656817234454293_2746496466120867840_n-300x200.jpg 300w, https:\/\/www.caririemacao.com\/1\/wp-content\/uploads\/2019\/09\/70512281_1656817234454293_2746496466120867840_n-768x512.jpg 768w\" data-sizes=\"(max-width: 960px) 100vw, 960px\" src=\"data:image\/svg+xml;base64,PHN2ZyB3aWR0aD0iMSIgaGVpZ2h0PSIxIiB4bWxucz0iaHR0cDovL3d3dy53My5vcmcvMjAwMC9zdmciPjwvc3ZnPg==\" style=\"--smush-placeholder-width: 960px; --smush-placeholder-aspect-ratio: 960\/640;\" \/><\/figure>\n\n\n\n<p>Nos p\u00eanaltis, o jogo goleiro do Amigos de Cara\u00fabas conseguiu agarrar uma cobran\u00e7a e levou sua equipe para as finais do campeonato municipal, garantindo assim, a \u00faltima vaga para a final.<\/p>\n\n\n\n<figure class=\"wp-block-image\"><img decoding=\"async\" width=\"960\" height=\"640\" data-src=\"http:\/\/www.caririemacao.com\/1\/wp-content\/uploads\/2019\/09\/70631323_1656812367788113_276131603602735104_n.jpg\" alt=\"\" class=\"wp-image-119168 lazyload\" data-srcset=\"https:\/\/www.caririemacao.com\/1\/wp-content\/uploads\/2019\/09\/70631323_1656812367788113_276131603602735104_n.jpg 960w, https:\/\/www.caririemacao.com\/1\/wp-content\/uploads\/2019\/09\/70631323_1656812367788113_276131603602735104_n-300x200.jpg 300w, https:\/\/www.caririemacao.com\/1\/wp-content\/uploads\/2019\/09\/70631323_1656812367788113_276131603602735104_n-768x512.jpg 768w\" data-sizes=\"(max-width: 960px) 100vw, 960px\" src=\"data:image\/svg+xml;base64,PHN2ZyB3aWR0aD0iMSIgaGVpZ2h0PSIxIiB4bWxucz0iaHR0cDovL3d3dy53My5vcmcvMjAwMC9zdmciPjwvc3ZnPg==\" style=\"--smush-placeholder-width: 960px; --smush-placeholder-aspect-ratio: 960\/640;\" \/><\/figure>\n\n\n\n<p>Foram dois jogos bastante disputados e emocionantes, movimentando toda uma cidade. A torcida foi em grande e n\u00famero ao est\u00e1dio que recebeu quase 2 mil pessoas durante este domingo. <\/p>\n\n\n\n<figure class=\"wp-block-image\"><img decoding=\"async\" width=\"960\" height=\"640\" data-src=\"http:\/\/www.caririemacao.com\/1\/wp-content\/uploads\/2019\/09\/71330792_1656805611122122_4475960692481982464_n.jpg\" alt=\"\" class=\"wp-image-119169 lazyload\" data-srcset=\"https:\/\/www.caririemacao.com\/1\/wp-content\/uploads\/2019\/09\/71330792_1656805611122122_4475960692481982464_n.jpg 960w, https:\/\/www.caririemacao.com\/1\/wp-content\/uploads\/2019\/09\/71330792_1656805611122122_4475960692481982464_n-300x200.jpg 300w, https:\/\/www.caririemacao.com\/1\/wp-content\/uploads\/2019\/09\/71330792_1656805611122122_4475960692481982464_n-768x512.jpg 768w\" data-sizes=\"(max-width: 960px) 100vw, 960px\" src=\"data:image\/svg+xml;base64,PHN2ZyB3aWR0aD0iMSIgaGVpZ2h0PSIxIiB4bWxucz0iaHR0cDovL3d3dy53My5vcmcvMjAwMC9zdmciPjwvc3ZnPg==\" style=\"--smush-placeholder-width: 960px; --smush-placeholder-aspect-ratio: 960\/640;\" \/><\/figure>\n\n\n\n<p> O prefeito Silvano, os vereadores Nero, Neide, Fabinho, Teinha e Tomaz, secret\u00e1rios e amigos estiveram ao lado dos torcedores prestigiando os jogos. \u201cParabenizo as quatro equipes que foram as fase finais, em especial, ao Alian\u00e7a e aos Amigos de Cara\u00fabas que s\u00e3o os finalistas. Gostei muitos dos jogos, bastante emocionante, n\u00e3o perdi um s\u00f3 lance. Eu gosto de estar no meio dos amigos, fa\u00e7o aquilo que gosto.  <\/p>\n\n\n\n<figure class=\"wp-block-image\"><img decoding=\"async\" width=\"627\" height=\"431\" data-src=\"http:\/\/www.caririemacao.com\/1\/wp-content\/uploads\/2019\/09\/Sem-t\u00edtulo-4.png\" alt=\"\" class=\"wp-image-119164 lazyload\" data-srcset=\"https:\/\/www.caririemacao.com\/1\/wp-content\/uploads\/2019\/09\/Sem-t\u00edtulo-4.png 627w, https:\/\/www.caririemacao.com\/1\/wp-content\/uploads\/2019\/09\/Sem-t\u00edtulo-4-300x206.png 300w\" data-sizes=\"(max-width: 627px) 100vw, 627px\" src=\"data:image\/svg+xml;base64,PHN2ZyB3aWR0aD0iMSIgaGVpZ2h0PSIxIiB4bWxucz0iaHR0cDovL3d3dy53My5vcmcvMjAwMC9zdmciPjwvc3ZnPg==\" style=\"--smush-placeholder-width: 627px; --smush-placeholder-aspect-ratio: 627\/431;\" \/><\/figure>\n\n\n\n<p>Ele aproveitou para convidar as pessoas para a grande final do pr\u00f3ximo domingo. \u201cVamos juntos acompanhar no pr\u00f3ximo domingo, dia 29, aqui mesmo neste est\u00e1dio, a grande final entre Alian\u00e7a e Amigos, ser\u00e1 uma final de tirar o folego, contamos com sua presen\u00e7a\u201d, convidou. <\/p>\n\n\n\n<p><a href=\"https:\/\/www.facebook.com\/pg\/CaririEmAcao\/photos\/?tab=album&amp;album_id=1656803424455674\">CLIQUE AQUI E VEJA TODA A COBERTURA FOTOGR\u00c1FICA.<\/a><\/p>\n","protected":false},"excerpt":{"rendered":"<p>Depois de v\u00e1rias partidas bastante acirradas, o Campeonato Municipal de Futebol de Cara\u00fabas chegou as fases finais com a realiza\u00e7\u00e3o de dois grandes jogos. Os&hellip; <\/p>\n","protected":false},"author":2,"featured_media":119162,"comment_status":"closed","ping_status":"closed","sticky":false,"template":"","format":"standard","meta":{"sfsi_plus_gutenberg_text_before_share":"","sfsi_plus_gutenberg_show_text_before_share":"","sfsi_plus_gutenberg_icon_type":"","sfsi_plus_gutenberg_icon_alignemt":"","sfsi_plus_gutenburg_max_per_row":"","footnotes":""},"categories":[50,13],"tags":[],"class_list":["post-119161","post","type-post","status-publish","format-standard","has-post-thumbnail","hentry","category-destaque","category-esportes"],"_links":{"self":[{"href":"https:\/\/www.caririemacao.com\/1\/wp-json\/wp\/v2\/posts\/119161","targetHints":{"allow":["GET"]}}],"collection":[{"href":"https:\/\/www.caririemacao.com\/1\/wp-json\/wp\/v2\/posts"}],"about":[{"href":"https:\/\/www.caririemacao.com\/1\/wp-json\/wp\/v2\/types\/post"}],"author":[{"embeddable":true,"href":"https:\/\/www.caririemacao.com\/1\/wp-json\/wp\/v2\/users\/2"}],"replies":[{"embeddable":true,"href":"https:\/\/www.caririemacao.com\/1\/wp-json\/wp\/v2\/comments?post=119161"}],"version-history":[{"count":3,"href":"https:\/\/www.caririemacao.com\/1\/wp-json\/wp\/v2\/posts\/119161\/revisions"}],"predecessor-version":[{"id":119173,"href":"https:\/\/www.caririemacao.com\/1\/wp-json\/wp\/v2\/posts\/119161\/revisions\/119173"}],"wp:featuredmedia":[{"embeddable":true,"href":"https:\/\/www.caririemacao.com\/1\/wp-json\/wp\/v2\/media\/119162"}],"wp:attachment":[{"href":"https:\/\/www.caririemacao.com\/1\/wp-json\/wp\/v2\/media?parent=119161"}],"wp:term":[{"taxonomy":"category","embeddable":true,"href":"https:\/\/www.caririemacao.com\/1\/wp-json\/wp\/v2\/categories?post=119161"},{"taxonomy":"post_tag","embeddable":true,"href":"https:\/\/www.caririemacao.com\/1\/wp-json\/wp\/v2\/tags?post=119161"}],"curies":[{"name":"wp","href":"https:\/\/api.w.org\/{rel}","templated":true}]}}