{"id":119175,"date":"2019-09-23T10:04:12","date_gmt":"2019-09-23T13:04:12","guid":{"rendered":"http:\/\/www.caririemacao.com\/1\/?p=119175"},"modified":"2019-09-23T10:04:12","modified_gmt":"2019-09-23T13:04:12","slug":"policia-prende-homem-por-porte-irregular-de-arma-de-fogo","status":"publish","type":"post","link":"https:\/\/www.caririemacao.com\/1\/2019\/09\/23\/policia-prende-homem-por-porte-irregular-de-arma-de-fogo\/","title":{"rendered":"Pol\u00edcia prende homem por porte irregular de arma de fogo"},"content":{"rendered":"\n<p>Na madrugada desta segunda-feira, j\u00e1 por voltas das 02 horas\nda manh\u00e3, durante rondas na cidade de Monteiro -PB, nas proximidade da locadora\nde ve\u00edculos de Sin\u00e9sio, a Pol\u00edcia Militar prendeu homem por porte irregular de\narma de fogo.<\/p>\n\n\n\n<p>A ocorr\u00eancia foi registrada quando a guarni\u00e7\u00e3o estava\npassando pelo local e visualizou um ve\u00edculo parado em um &#8220;beco&#8221; e com\nas lanternas ligadas. Ao fazer a aproxima\u00e7\u00e3o, o senhor Natan Teixeira de\nOliveira desembarcou do ve\u00edculo com um objeto na m\u00e3o e se dirigiu rapidamente a\nsua resid\u00eancia, quando foi dado ordem de parada, o mesmo n\u00e3o obedecendo se\ndesfez do objeto. <\/p>\n\n\n\n<p>Feita a busca no local foi encontrada um rev\u00f3lver 38. Ao ser\nindagado sobre a arma o mesmo assumiu ser de sua propriedade e que estava\nportando para sua defesa, pois iria trabalhar e teria que fazer um deslocamento\npara cidade de Sum\u00e9 &#8211; PB. <\/p>\n\n\n\n<p>Diante dos fatos, Natan foi conduzido e o material\napreendido a Delegacia de Pol\u00edcia Civil para serem tomadas as medidas cab\u00edveis.<\/p>\n","protected":false},"excerpt":{"rendered":"<p>Na madrugada desta segunda-feira, j\u00e1 por voltas das 02 horas da manh\u00e3, durante rondas na cidade de Monteiro -PB, nas proximidade da locadora de ve\u00edculos&hellip; <\/p>\n","protected":false},"author":2,"featured_media":119176,"comment_status":"closed","ping_status":"closed","sticky":false,"template":"","format":"standard","meta":{"sfsi_plus_gutenberg_text_before_share":"","sfsi_plus_gutenberg_show_text_before_share":"","sfsi_plus_gutenberg_icon_type":"","sfsi_plus_gutenberg_icon_alignemt":"","sfsi_plus_gutenburg_max_per_row":"","footnotes":""},"categories":[50,12],"tags":[],"class_list":["post-119175","post","type-post","status-publish","format-standard","has-post-thumbnail","hentry","category-destaque","category-policia"],"_links":{"self":[{"href":"https:\/\/www.caririemacao.com\/1\/wp-json\/wp\/v2\/posts\/119175","targetHints":{"allow":["GET"]}}],"collection":[{"href":"https:\/\/www.caririemacao.com\/1\/wp-json\/wp\/v2\/posts"}],"about":[{"href":"https:\/\/www.caririemacao.com\/1\/wp-json\/wp\/v2\/types\/post"}],"author":[{"embeddable":true,"href":"https:\/\/www.caririemacao.com\/1\/wp-json\/wp\/v2\/users\/2"}],"replies":[{"embeddable":true,"href":"https:\/\/www.caririemacao.com\/1\/wp-json\/wp\/v2\/comments?post=119175"}],"version-history":[{"count":1,"href":"https:\/\/www.caririemacao.com\/1\/wp-json\/wp\/v2\/posts\/119175\/revisions"}],"predecessor-version":[{"id":119177,"href":"https:\/\/www.caririemacao.com\/1\/wp-json\/wp\/v2\/posts\/119175\/revisions\/119177"}],"wp:featuredmedia":[{"embeddable":true,"href":"https:\/\/www.caririemacao.com\/1\/wp-json\/wp\/v2\/media\/119176"}],"wp:attachment":[{"href":"https:\/\/www.caririemacao.com\/1\/wp-json\/wp\/v2\/media?parent=119175"}],"wp:term":[{"taxonomy":"category","embeddable":true,"href":"https:\/\/www.caririemacao.com\/1\/wp-json\/wp\/v2\/categories?post=119175"},{"taxonomy":"post_tag","embeddable":true,"href":"https:\/\/www.caririemacao.com\/1\/wp-json\/wp\/v2\/tags?post=119175"}],"curies":[{"name":"wp","href":"https:\/\/api.w.org\/{rel}","templated":true}]}}