{"id":119223,"date":"2019-09-23T10:53:20","date_gmt":"2019-09-23T13:53:20","guid":{"rendered":"http:\/\/www.caririemacao.com\/1\/?p=119223"},"modified":"2019-09-23T10:53:20","modified_gmt":"2019-09-23T13:53:20","slug":"sem-fala-do-governo-cupula-do-clima-da-onu-tem-jovem-brasileira-na-abertura","status":"publish","type":"post","link":"https:\/\/www.caririemacao.com\/1\/2019\/09\/23\/sem-fala-do-governo-cupula-do-clima-da-onu-tem-jovem-brasileira-na-abertura\/","title":{"rendered":"Sem fala do governo, c\u00fapula do clima da ONU tem jovem brasileira na abertura"},"content":{"rendered":"\n<p>&nbsp;Apesar da aus\u00eancia do governo brasileiro no palco da c\u00fapula do clima da ONU, que come\u00e7a nesta segunda-feira (23) em Nova York, uma jovem brasileira deve discursar na abertura do evento. Paloma Costa Oliveira, 27, foi convidada pela ONU para compor a mesa de abertura junto ao secret\u00e1rio-geral da ONU, Antonio Guterres, e \u00e0 adolescente sueca Greta Thunberg, que criou as greves estudantis pelo clima.<\/p>\n\n\n\n<p>Ambientalista e estudante de Direito da Universidade de Bras\u00edlia, Paloma \u00e9 coordenadora de clima da ONG Engajamundo, formada exclusivamente por jovens de at\u00e9 29 anos e voltada \u00e0 capacita\u00e7\u00e3o para o ativismo clim\u00e1tico.<br><\/p>\n\n\n\n<p>A jovem tamb\u00e9m \u00e9 assessora do Instituto Socioambiental e cofundadora do projeto Ciclim\u00e1ticos, que j\u00e1 percorreu mais de 500 km de bicicleta para registrar o impacto das mudan\u00e7as clim\u00e1ticas em comunidades pelo interior do Brasil.<\/p>\n\n\n\n<p>A a\u00e7\u00e3o inspiradora foi um dos crit\u00e9rios usados pela ONU para convidar ou vetar discursos na c\u00fapula do clima. Segundo Guterres, apenas os planos mais ousados ter\u00e3o espa\u00e7o no palco do evento.<\/p>\n\n\n\n<p>Em carta, ele havia pedido aos pa\u00edses que chegassem &#8216;com planos, n\u00e3o com discursos&#8217; e usou a ambi\u00e7\u00e3o em ampliar as metas clim\u00e1ticas do Acordo de Paris como chave para escolher os pa\u00edses oradores na c\u00fapula. Al\u00e9m do Brasil, foram vetados os discursos de outros pa\u00edses como Estados Unidos, Jap\u00e3o e Austr\u00e1lia.<\/p>\n\n\n\n<p>A cobran\u00e7a do secret\u00e1rio-geral para antecipar a eleva\u00e7\u00e3o das metas (cuja revis\u00e3o \u00e9 prevista pelo Acordo de Paris para o intervalo dos anos 2020 a 2023) acontece em meio a press\u00f5es naturais e sociais.<\/p>\n\n\n\n<p>Al\u00e9m das queimadas na Amaz\u00f4nia e o aumento de eventos clim\u00e1ticos relacionados ao aquecimento global, como as ondas de calor na Europa, tamb\u00e9m tomam propor\u00e7\u00e3o internacional as greves estudantis pelo clima, puxadas por Greta Thunberg h\u00e1 menos de um ano.<\/p>\n\n\n\n<p>Na \u00faltima sexta-feira (20), a greve geral pelo clima tomou cidades de todo o mundo e levou multid\u00f5es \u00e0s ruas, com protagonismo de crian\u00e7as e adolescentes, pedindo a\u00e7\u00e3o dos l\u00edderes mundiais para conter as mudan\u00e7as clim\u00e1ticas.<\/p>\n","protected":false},"excerpt":{"rendered":"<p>&nbsp;Apesar da aus\u00eancia do governo brasileiro no palco da c\u00fapula do clima da ONU, que come\u00e7a nesta segunda-feira (23) em Nova York, uma jovem brasileira&hellip; <\/p>\n","protected":false},"author":1,"featured_media":119225,"comment_status":"closed","ping_status":"closed","sticky":false,"template":"","format":"standard","meta":{"sfsi_plus_gutenberg_text_before_share":"","sfsi_plus_gutenberg_show_text_before_share":"","sfsi_plus_gutenberg_icon_type":"","sfsi_plus_gutenberg_icon_alignemt":"","sfsi_plus_gutenburg_max_per_row":"","footnotes":""},"categories":[2],"tags":[],"class_list":["post-119223","post","type-post","status-publish","format-standard","has-post-thumbnail","hentry","category-geral"],"_links":{"self":[{"href":"https:\/\/www.caririemacao.com\/1\/wp-json\/wp\/v2\/posts\/119223","targetHints":{"allow":["GET"]}}],"collection":[{"href":"https:\/\/www.caririemacao.com\/1\/wp-json\/wp\/v2\/posts"}],"about":[{"href":"https:\/\/www.caririemacao.com\/1\/wp-json\/wp\/v2\/types\/post"}],"author":[{"embeddable":true,"href":"https:\/\/www.caririemacao.com\/1\/wp-json\/wp\/v2\/users\/1"}],"replies":[{"embeddable":true,"href":"https:\/\/www.caririemacao.com\/1\/wp-json\/wp\/v2\/comments?post=119223"}],"version-history":[{"count":1,"href":"https:\/\/www.caririemacao.com\/1\/wp-json\/wp\/v2\/posts\/119223\/revisions"}],"predecessor-version":[{"id":119226,"href":"https:\/\/www.caririemacao.com\/1\/wp-json\/wp\/v2\/posts\/119223\/revisions\/119226"}],"wp:featuredmedia":[{"embeddable":true,"href":"https:\/\/www.caririemacao.com\/1\/wp-json\/wp\/v2\/media\/119225"}],"wp:attachment":[{"href":"https:\/\/www.caririemacao.com\/1\/wp-json\/wp\/v2\/media?parent=119223"}],"wp:term":[{"taxonomy":"category","embeddable":true,"href":"https:\/\/www.caririemacao.com\/1\/wp-json\/wp\/v2\/categories?post=119223"},{"taxonomy":"post_tag","embeddable":true,"href":"https:\/\/www.caririemacao.com\/1\/wp-json\/wp\/v2\/tags?post=119223"}],"curies":[{"name":"wp","href":"https:\/\/api.w.org\/{rel}","templated":true}]}}