{"id":119263,"date":"2019-09-23T11:05:37","date_gmt":"2019-09-23T14:05:37","guid":{"rendered":"http:\/\/www.caririemacao.com\/1\/?p=119263"},"modified":"2019-09-23T16:22:31","modified_gmt":"2019-09-23T19:22:31","slug":"ifpb-comemora-10-anos-de-implantacao-com-solenidade-na-camara-de-monteiro","status":"publish","type":"post","link":"https:\/\/www.caririemacao.com\/1\/2019\/09\/23\/ifpb-comemora-10-anos-de-implantacao-com-solenidade-na-camara-de-monteiro\/","title":{"rendered":"IFPB comemora 10 anos de implanta\u00e7\u00e3o com solenidade na C\u00e2mara de Monteiro"},"content":{"rendered":"\n<p>A implanta\u00e7\u00e3o e funcionamento do Instituto Federal de Educa\u00e7\u00e3o Ci\u00eancia e Tecnolgia da Para\u00edba \u2013 IFPB comemora seus 10 anos de implanta\u00e7\u00e3o e funcionamento no munic\u00edpio de Monteiro na pr\u00f3xima ter\u00e7a-feira, dia 24, em solenidade que acontece na C\u00e2mara de Vereadores de Monteiro, as 19 horas.<\/p>\n\n\n\n<p>A solenidade contar\u00e1 com a presen\u00e7a do reitor do IFPB, professor C\u00edcero Nic\u00e1cio do Nascimento Lopes, do diretor geral do Campus de Monteiro, Abra\u00e3o Rom\u00e3o Batista e do presidente da C\u00e2mara de Vereadores, Ricardo Jorge de Almeida Menezes, al\u00e9m de autoridades e demais convidados.<\/p>\n","protected":false},"excerpt":{"rendered":"<p>A implanta\u00e7\u00e3o e funcionamento do Instituto Federal de Educa\u00e7\u00e3o Ci\u00eancia e Tecnolgia da Para\u00edba \u2013 IFPB comemora seus 10 anos de implanta\u00e7\u00e3o e funcionamento no&hellip; <\/p>\n","protected":false},"author":1,"featured_media":119265,"comment_status":"closed","ping_status":"closed","sticky":false,"template":"","format":"standard","meta":{"sfsi_plus_gutenberg_text_before_share":"","sfsi_plus_gutenberg_show_text_before_share":"","sfsi_plus_gutenberg_icon_type":"","sfsi_plus_gutenberg_icon_alignemt":"","sfsi_plus_gutenburg_max_per_row":"","footnotes":""},"categories":[50,2],"tags":[],"class_list":["post-119263","post","type-post","status-publish","format-standard","has-post-thumbnail","hentry","category-destaque","category-geral"],"_links":{"self":[{"href":"https:\/\/www.caririemacao.com\/1\/wp-json\/wp\/v2\/posts\/119263","targetHints":{"allow":["GET"]}}],"collection":[{"href":"https:\/\/www.caririemacao.com\/1\/wp-json\/wp\/v2\/posts"}],"about":[{"href":"https:\/\/www.caririemacao.com\/1\/wp-json\/wp\/v2\/types\/post"}],"author":[{"embeddable":true,"href":"https:\/\/www.caririemacao.com\/1\/wp-json\/wp\/v2\/users\/1"}],"replies":[{"embeddable":true,"href":"https:\/\/www.caririemacao.com\/1\/wp-json\/wp\/v2\/comments?post=119263"}],"version-history":[{"count":2,"href":"https:\/\/www.caririemacao.com\/1\/wp-json\/wp\/v2\/posts\/119263\/revisions"}],"predecessor-version":[{"id":119361,"href":"https:\/\/www.caririemacao.com\/1\/wp-json\/wp\/v2\/posts\/119263\/revisions\/119361"}],"wp:featuredmedia":[{"embeddable":true,"href":"https:\/\/www.caririemacao.com\/1\/wp-json\/wp\/v2\/media\/119265"}],"wp:attachment":[{"href":"https:\/\/www.caririemacao.com\/1\/wp-json\/wp\/v2\/media?parent=119263"}],"wp:term":[{"taxonomy":"category","embeddable":true,"href":"https:\/\/www.caririemacao.com\/1\/wp-json\/wp\/v2\/categories?post=119263"},{"taxonomy":"post_tag","embeddable":true,"href":"https:\/\/www.caririemacao.com\/1\/wp-json\/wp\/v2\/tags?post=119263"}],"curies":[{"name":"wp","href":"https:\/\/api.w.org\/{rel}","templated":true}]}}