{"id":119277,"date":"2019-09-23T12:05:45","date_gmt":"2019-09-23T15:05:45","guid":{"rendered":"http:\/\/www.caririemacao.com\/1\/?p=119277"},"modified":"2019-09-23T12:05:45","modified_gmt":"2019-09-23T15:05:45","slug":"sume-realiza-esta-semana-1-festival-de-musica-ze-marcolino","status":"publish","type":"post","link":"https:\/\/www.caririemacao.com\/1\/2019\/09\/23\/sume-realiza-esta-semana-1-festival-de-musica-ze-marcolino\/","title":{"rendered":"Sum\u00e9 realiza esta semana 1\u00b0 Festival de M\u00fasica Z\u00e9 Marcolino"},"content":{"rendered":"\n<p>A Prefeitura de Sum\u00e9 est\u00e1 nessa semana comemorando o 1\u00b0 Festival de M\u00fasica Z\u00e9 Marcolino. A programa\u00e7\u00e3o come\u00e7a nesta quinta-feira (26) com exposi\u00e7\u00e3o da vida e obra do cantor Z\u00e9 Marcolino, apresenta\u00e7\u00f5es culturais com grupos de dan\u00e7as, violeiros, sarau po\u00e9tico, shows musicais com os cantores Dejinha de Monteiro e Bira Marcolino.<\/p>\n\n\n\n<p>O Festival Z\u00e9 Marcolino foi criado com o objetivo de revelar talentos no cen\u00e1rio da m\u00fasica e valorizar a mem\u00f3ria do cantor sumeense que muito contribuiu com a m\u00fasica nordestina.<\/p>\n\n\n\n<p>Para celebrar o Festival, a Prefeitura abriu inscri\u00e7\u00f5es de composi\u00e7\u00f5es in\u00e9ditas para participantes do munic\u00edpio de Sum\u00e9 e da regi\u00e3o do Cariri Paraibano.<\/p>\n\n\n\n<p>Foram inscritas 24 composi\u00e7\u00f5es, sendo selecionadas 10, que disputar\u00e3o a final no pr\u00f3ximo s\u00e1bado (28), na Pra\u00e7a Jos\u00e9 Am\u00e9rico.<\/p>\n\n\n\n<p>As composi\u00e7\u00f5es ser\u00e3o cantadas pelo int\u00e9rprete inscrito e com acompanhamento da banda do Festival sob a reg\u00eancia do maestro Chiquito.<\/p>\n\n\n\n<p>Aos vencedores ser\u00e1 dada uma premia\u00e7\u00e3o de R$ 2.000,00 para o primeiro colocado, R$ 1.000,00 para o segundo, R$ 500,00 para o terceiro lugar e R$ 500,00 para o melhor int\u00e9rprete.<br>\nAntes da final do festival, o prefeito \u00c9den Duarte, estar\u00e1 \u00e0s 17h entregando a reforma da Pra\u00e7a Z\u00e9 Marcolino, localizada no bairro Santa Rosa.<\/p>\n\n\n\n<p>Confira a Programa\u00e7\u00e3o:<\/p>\n\n\n\n<p>Local: Pra\u00e7a Jos\u00e9 Am\u00e9rico<br>\nData: 26\/09\/2019 (quinta-feira)<\/p>\n\n\n\n<p>\u2022 Abertura Oficial do I Festival de M\u00fasica Z\u00e9 Marcolino \u2013 19h<\/p>\n\n\n\n<p>\u2022 Exposi\u00e7\u00e3o de Vida e Obra de Z\u00e9 Marcolino no Cen\u00e1rio Musical \u2013 18h \u00e0s 22h<\/p>\n\n\n\n<p>\u2022 Apresenta\u00e7\u00e3o Cultural \u2013 19h30<\/p>\n\n\n\n<ul class=\"wp-block-list\"><li>Cia. Filhos da Dan\u00e7a de Sum\u00e9<\/li><li>Grupo de Dan\u00e7a Sala de Reboco<\/li><\/ul>\n\n\n\n<p>\u2022 Apresenta\u00e7\u00e3o Musical \u2013 21h<\/p>\n\n\n\n<ul class=\"wp-block-list\"><li>Trio P\u00e9-de-Serra \u2013 Rog\u00e9rio Lima<\/li><\/ul>\n\n\n\n<p>Local: Pra\u00e7a Jos\u00e9 Am\u00e9rico<br>\nData: 27\/09\/2019 (sexta-feira)<\/p>\n\n\n\n<p>\u2022 Exposi\u00e7\u00e3o de Vida e Obra de Z\u00e9 Marcolino no Cen\u00e1rio Musical \u2013 18h \u00e0s 22h<\/p>\n\n\n\n<p>\u2022 Sarau Po\u00e9tico \u2013 20h<\/p>\n\n\n\n<p>\u2022 Apresenta\u00e7\u00e3o de Violeiros \u2013 21h30<\/p>\n\n\n\n<p>Data: 28\/09\/2019 (s\u00e1bado)<\/p>\n\n\n\n<p>\u2022 Entrega da Reforma da Pra\u00e7a Poeta Z\u00e9 Marcolino \u2013 17h<br>\nRua: Jos\u00e9 Paulino de Barros<br>\nBairro: Santa Rosa<\/p>\n\n\n\n<p>Local: Pra\u00e7a Jos\u00e9 Am\u00e9rico:<\/p>\n\n\n\n<p>\u2022 Exposi\u00e7\u00e3o de Vida e Obra de Z\u00e9 Marcolino no Cen\u00e1rio Musical \u2013 18h \u00e0s 22h <\/p>\n\n\n\n<p>\u2022 Final do I Festival de M\u00fasica Z\u00e9 Marcolino \u2013 21h<\/p>\n\n\n\n<p>\u2022 Shows \u2013 23h<\/p>\n\n\n\n<ul class=\"wp-block-list\"><li>Bira Marcolino<\/li><li>Dejinha de Monteiro<\/li><\/ul>\n","protected":false},"excerpt":{"rendered":"<p>A Prefeitura de Sum\u00e9 est\u00e1 nessa semana comemorando o 1\u00b0 Festival de M\u00fasica Z\u00e9 Marcolino. A programa\u00e7\u00e3o come\u00e7a nesta quinta-feira (26) com exposi\u00e7\u00e3o da vida&hellip; <\/p>\n","protected":false},"author":1,"featured_media":119280,"comment_status":"closed","ping_status":"closed","sticky":false,"template":"","format":"standard","meta":{"sfsi_plus_gutenberg_text_before_share":"","sfsi_plus_gutenberg_show_text_before_share":"","sfsi_plus_gutenberg_icon_type":"","sfsi_plus_gutenberg_icon_alignemt":"","sfsi_plus_gutenburg_max_per_row":"","footnotes":""},"categories":[6,50],"tags":[],"class_list":["post-119277","post","type-post","status-publish","format-standard","has-post-thumbnail","hentry","category-cidades","category-destaque"],"_links":{"self":[{"href":"https:\/\/www.caririemacao.com\/1\/wp-json\/wp\/v2\/posts\/119277","targetHints":{"allow":["GET"]}}],"collection":[{"href":"https:\/\/www.caririemacao.com\/1\/wp-json\/wp\/v2\/posts"}],"about":[{"href":"https:\/\/www.caririemacao.com\/1\/wp-json\/wp\/v2\/types\/post"}],"author":[{"embeddable":true,"href":"https:\/\/www.caririemacao.com\/1\/wp-json\/wp\/v2\/users\/1"}],"replies":[{"embeddable":true,"href":"https:\/\/www.caririemacao.com\/1\/wp-json\/wp\/v2\/comments?post=119277"}],"version-history":[{"count":1,"href":"https:\/\/www.caririemacao.com\/1\/wp-json\/wp\/v2\/posts\/119277\/revisions"}],"predecessor-version":[{"id":119281,"href":"https:\/\/www.caririemacao.com\/1\/wp-json\/wp\/v2\/posts\/119277\/revisions\/119281"}],"wp:featuredmedia":[{"embeddable":true,"href":"https:\/\/www.caririemacao.com\/1\/wp-json\/wp\/v2\/media\/119280"}],"wp:attachment":[{"href":"https:\/\/www.caririemacao.com\/1\/wp-json\/wp\/v2\/media?parent=119277"}],"wp:term":[{"taxonomy":"category","embeddable":true,"href":"https:\/\/www.caririemacao.com\/1\/wp-json\/wp\/v2\/categories?post=119277"},{"taxonomy":"post_tag","embeddable":true,"href":"https:\/\/www.caririemacao.com\/1\/wp-json\/wp\/v2\/tags?post=119277"}],"curies":[{"name":"wp","href":"https:\/\/api.w.org\/{rel}","templated":true}]}}