{"id":119286,"date":"2019-09-23T12:07:58","date_gmt":"2019-09-23T15:07:58","guid":{"rendered":"http:\/\/www.caririemacao.com\/1\/?p=119286"},"modified":"2019-09-23T12:07:58","modified_gmt":"2019-09-23T15:07:58","slug":"alunos-da-rede-municipal-recebem-atendimento-oftalmologico-em-monteiro","status":"publish","type":"post","link":"https:\/\/www.caririemacao.com\/1\/2019\/09\/23\/alunos-da-rede-municipal-recebem-atendimento-oftalmologico-em-monteiro\/","title":{"rendered":"Alunos da rede municipal recebem atendimento oftalmol\u00f3gico em Monteiro"},"content":{"rendered":"\n<p>Na manh\u00e3 desta sexta-feira e s\u00e1bado cerca de 200 crian\u00e7as da Rede Municipal de Ensino est\u00e3o recebendo consultas oftalmol\u00f3gicas no Centro de Especialidades M\u00e9dicas do munic\u00edpio de Monteiro \u2013 CEMED.<br>Acompanhadas de seus pais e familiares, as crian\u00e7as e respons\u00e1veis recebem orienta\u00e7\u00f5es a respeito do novo programa municipal \u201cOlhar Monteiro\u201d, onde os mesmos foram inseridos. O novo programa destina-se ao acompanhamento do aluno com rela\u00e7\u00e3o \u00e0 sa\u00fade dos olhos.&nbsp;<\/p>\n\n\n\n<figure class=\"wp-block-image\"><a href=\"https:\/\/i2.wp.com\/www.vitrinedocariri.com.br\/wp-content\/uploads\/2019\/09\/Alunos-da-rede-municipal-de-ensino-recebem-atendimento-oftalmol%C3%B3gico-em-Monteiro-2.jpeg?resize=300%2C199&amp;ssl=1\"><img decoding=\"async\" data-src=\"https:\/\/i2.wp.com\/www.vitrinedocariri.com.br\/wp-content\/uploads\/2019\/09\/Alunos-da-rede-municipal-de-ensino-recebem-atendimento-oftalmol%C3%B3gico-em-Monteiro-2.jpeg?resize=300%2C199&amp;ssl=1\" alt=\"\" src=\"data:image\/svg+xml;base64,PHN2ZyB3aWR0aD0iMSIgaGVpZ2h0PSIxIiB4bWxucz0iaHR0cDovL3d3dy53My5vcmcvMjAwMC9zdmciPjwvc3ZnPg==\" class=\"lazyload\" \/><\/a><\/figure>\n\n\n\n<p>Conforme j\u00e1 adiantado pela prefeita Anna Lorena, o Programa Olhar Monteiro \u00e9 mais uma estrat\u00e9gia de acompanhamento do rendimento educacional e sa\u00fade no per\u00edodo escolar.&nbsp;<br>\u201cObservamos o processo de aprendizagem do alunado da rede municipal de perto e identificamos casos em que a crian\u00e7a apresentou algum sintoma relacionado \u00e0 sa\u00fade da vis\u00e3o, as secretarias em conjunto uniram-se e hoje oferecemos este acompanhamento\u201d, explica a gestora municipal.<br>O lan\u00e7amento oficial do Programa Olhar Monteiro dever\u00e1 ser definido ainda este m\u00eas.<\/p>\n","protected":false},"excerpt":{"rendered":"<p>Na manh\u00e3 desta sexta-feira e s\u00e1bado cerca de 200 crian\u00e7as da Rede Municipal de Ensino est\u00e3o recebendo consultas oftalmol\u00f3gicas no Centro de Especialidades M\u00e9dicas do&hellip; <\/p>\n","protected":false},"author":1,"featured_media":119288,"comment_status":"closed","ping_status":"closed","sticky":false,"template":"","format":"standard","meta":{"sfsi_plus_gutenberg_text_before_share":"","sfsi_plus_gutenberg_show_text_before_share":"","sfsi_plus_gutenberg_icon_type":"","sfsi_plus_gutenberg_icon_alignemt":"","sfsi_plus_gutenburg_max_per_row":"","footnotes":""},"categories":[14],"tags":[],"class_list":["post-119286","post","type-post","status-publish","format-standard","has-post-thumbnail","hentry","category-educacao"],"_links":{"self":[{"href":"https:\/\/www.caririemacao.com\/1\/wp-json\/wp\/v2\/posts\/119286","targetHints":{"allow":["GET"]}}],"collection":[{"href":"https:\/\/www.caririemacao.com\/1\/wp-json\/wp\/v2\/posts"}],"about":[{"href":"https:\/\/www.caririemacao.com\/1\/wp-json\/wp\/v2\/types\/post"}],"author":[{"embeddable":true,"href":"https:\/\/www.caririemacao.com\/1\/wp-json\/wp\/v2\/users\/1"}],"replies":[{"embeddable":true,"href":"https:\/\/www.caririemacao.com\/1\/wp-json\/wp\/v2\/comments?post=119286"}],"version-history":[{"count":1,"href":"https:\/\/www.caririemacao.com\/1\/wp-json\/wp\/v2\/posts\/119286\/revisions"}],"predecessor-version":[{"id":119289,"href":"https:\/\/www.caririemacao.com\/1\/wp-json\/wp\/v2\/posts\/119286\/revisions\/119289"}],"wp:featuredmedia":[{"embeddable":true,"href":"https:\/\/www.caririemacao.com\/1\/wp-json\/wp\/v2\/media\/119288"}],"wp:attachment":[{"href":"https:\/\/www.caririemacao.com\/1\/wp-json\/wp\/v2\/media?parent=119286"}],"wp:term":[{"taxonomy":"category","embeddable":true,"href":"https:\/\/www.caririemacao.com\/1\/wp-json\/wp\/v2\/categories?post=119286"},{"taxonomy":"post_tag","embeddable":true,"href":"https:\/\/www.caririemacao.com\/1\/wp-json\/wp\/v2\/tags?post=119286"}],"curies":[{"name":"wp","href":"https:\/\/api.w.org\/{rel}","templated":true}]}}