{"id":119292,"date":"2019-09-23T12:09:49","date_gmt":"2019-09-23T15:09:49","guid":{"rendered":"http:\/\/www.caririemacao.com\/1\/?p=119292"},"modified":"2019-09-23T12:09:49","modified_gmt":"2019-09-23T15:09:49","slug":"motorista-perde-controle-da-direcao-e-tomba-carreta-na-regiao-do-cariri-paraibano","status":"publish","type":"post","link":"https:\/\/www.caririemacao.com\/1\/2019\/09\/23\/motorista-perde-controle-da-direcao-e-tomba-carreta-na-regiao-do-cariri-paraibano\/","title":{"rendered":"Motorista perde controle da dire\u00e7\u00e3o e tomba carreta na regi\u00e3o do Cariri paraibano"},"content":{"rendered":"\n<div class=\"wp-block-image\"><figure class=\"alignleft\"><img decoding=\"async\" data-src=\"https:\/\/i0.wp.com\/www.vitrinedocariri.com.br\/wp-content\/uploads\/2019\/09\/005-20.jpg?zoom=2&amp;resize=330%2C186&amp;ssl=1\" alt=\"\" class=\"wp-image-53679 lazyload\" src=\"data:image\/svg+xml;base64,PHN2ZyB3aWR0aD0iMSIgaGVpZ2h0PSIxIiB4bWxucz0iaHR0cDovL3d3dy53My5vcmcvMjAwMC9zdmciPjwvc3ZnPg==\" \/><\/figure><\/div>\n\n\n\n<p>Uma carreta tombou nas primeiras horas desta segunda-feira (23\/09), BR 412, no munic\u00edpio de Serra Branca, no Cariri paraibano.<\/p>\n\n\n\n<p>De acordo com informa\u00e7\u00f5es, o motorista perdeu o controle da dire\u00e7\u00e3o e acabou tombando a carreta. Apesar do susto, s\u00f3 houve danos materiais.<\/p>\n\n\n\n<p><em>Com 95 FM.<\/em><\/p>\n","protected":false},"excerpt":{"rendered":"<p>Uma carreta tombou nas primeiras horas desta segunda-feira (23\/09), BR 412, no munic\u00edpio de Serra Branca, no Cariri paraibano. De acordo com informa\u00e7\u00f5es, o motorista&hellip; <\/p>\n","protected":false},"author":1,"featured_media":25307,"comment_status":"closed","ping_status":"closed","sticky":false,"template":"","format":"standard","meta":{"sfsi_plus_gutenberg_text_before_share":"","sfsi_plus_gutenberg_show_text_before_share":"","sfsi_plus_gutenberg_icon_type":"","sfsi_plus_gutenberg_icon_alignemt":"","sfsi_plus_gutenburg_max_per_row":"","footnotes":""},"categories":[12],"tags":[],"class_list":["post-119292","post","type-post","status-publish","format-standard","has-post-thumbnail","hentry","category-policia"],"_links":{"self":[{"href":"https:\/\/www.caririemacao.com\/1\/wp-json\/wp\/v2\/posts\/119292","targetHints":{"allow":["GET"]}}],"collection":[{"href":"https:\/\/www.caririemacao.com\/1\/wp-json\/wp\/v2\/posts"}],"about":[{"href":"https:\/\/www.caririemacao.com\/1\/wp-json\/wp\/v2\/types\/post"}],"author":[{"embeddable":true,"href":"https:\/\/www.caririemacao.com\/1\/wp-json\/wp\/v2\/users\/1"}],"replies":[{"embeddable":true,"href":"https:\/\/www.caririemacao.com\/1\/wp-json\/wp\/v2\/comments?post=119292"}],"version-history":[{"count":1,"href":"https:\/\/www.caririemacao.com\/1\/wp-json\/wp\/v2\/posts\/119292\/revisions"}],"predecessor-version":[{"id":119295,"href":"https:\/\/www.caririemacao.com\/1\/wp-json\/wp\/v2\/posts\/119292\/revisions\/119295"}],"wp:featuredmedia":[{"embeddable":true,"href":"https:\/\/www.caririemacao.com\/1\/wp-json\/wp\/v2\/media\/25307"}],"wp:attachment":[{"href":"https:\/\/www.caririemacao.com\/1\/wp-json\/wp\/v2\/media?parent=119292"}],"wp:term":[{"taxonomy":"category","embeddable":true,"href":"https:\/\/www.caririemacao.com\/1\/wp-json\/wp\/v2\/categories?post=119292"},{"taxonomy":"post_tag","embeddable":true,"href":"https:\/\/www.caririemacao.com\/1\/wp-json\/wp\/v2\/tags?post=119292"}],"curies":[{"name":"wp","href":"https:\/\/api.w.org\/{rel}","templated":true}]}}