{"id":119315,"date":"2019-09-23T13:14:23","date_gmt":"2019-09-23T16:14:23","guid":{"rendered":"http:\/\/www.caririemacao.com\/1\/?p=119315"},"modified":"2019-09-23T13:14:23","modified_gmt":"2019-09-23T16:14:23","slug":"baixa-umidade-do-ar-no-sertao-do-estado-faz-inmet-emitir-dois-alertas-para-109-cidades-paraibanas","status":"publish","type":"post","link":"https:\/\/www.caririemacao.com\/1\/2019\/09\/23\/baixa-umidade-do-ar-no-sertao-do-estado-faz-inmet-emitir-dois-alertas-para-109-cidades-paraibanas\/","title":{"rendered":"Baixa umidade do ar no Sert\u00e3o do Estado faz Inmet emitir dois alertas para 109 cidades paraibanas"},"content":{"rendered":"\n<p>A primavera j\u00e1 come\u00e7ou com temperaturas altas nas regi\u00f5es mais secas do Nordeste. Nesta segunda-feira (23) o Instituto Nacional de Meteorologia (Inmet) emitiu dois alertas devido \u00e0 baixa umidade do ar registrada em v\u00e1rias cidades dos estados do Nordeste. Na Para\u00edba, s\u00e3o 109 cidades que est\u00e3o inclu\u00eddas nos dois alertas.<\/p>\n\n\n\n<p>O alerta laranja, considerado mais grave, abarca 41 cidades paraibanas. A previs\u00e3o \u00e9 que as localidades inclu\u00eddas nesse alerta possam ter umidade do ar variando entre 20% e 12%. Devido a este clima previsto, existe o risco de inc\u00eandios florestais e de problemas de sa\u00fade. De acordo com o Inmet, as pessoas dessa regi\u00e3o poder\u00e3o sentir ressecamento da pele, desconforto nos olhos, boca e nariz.<\/p>\n\n\n\n<p>J\u00e1 o alerta amarelo inclui 68 cidades paraibanas. Para estes munic\u00edpios existe a previs\u00e3o de umidade relativa do ar variando entre 30% e 20%. Tamb\u00e9m existe baixo risco de inc\u00eandio e \u00e0 sa\u00fade.<\/p>\n\n\n\n<p>As recomenda\u00e7\u00f5es feitas pelo Inmet s\u00e3o de que a popula\u00e7\u00e3o beba bastante l\u00edquido e evite exposi\u00e7\u00e3o ao sol nas horas mais quentes e atividades f\u00edsicas tamb\u00e9m n\u00e3o s\u00e3o indicadas. Al\u00e9m disso, tamb\u00e9m \u00e9 indicado que as pessoas usem hidratante e umidifiquem o ambiente.<\/p>\n\n\n\n<figure class=\"wp-block-image\"><img decoding=\"async\" data-src=\"https:\/\/www.clickpb.com.br\/media\/filer_public\/a6\/93\/a693c3fb-7d78-43f2-83a2-038494f66b8e\/alerta_laranja_inmet.png\" alt=\"\" src=\"data:image\/svg+xml;base64,PHN2ZyB3aWR0aD0iMSIgaGVpZ2h0PSIxIiB4bWxucz0iaHR0cDovL3d3dy53My5vcmcvMjAwMC9zdmciPjwvc3ZnPg==\" class=\"lazyload\" \/><\/figure>\n\n\n\n<p><strong>Alerta laranja<\/strong><\/p>\n\n\n\n<ul class=\"wp-block-list\"><li>Aguiar<\/li><li>Aparecida<\/li><li>Bernardino Batista<\/li><li>Boa Ventura<\/li><li>Bom Jesus<\/li><li>Bonito De Santa F\u00e9<\/li><li>Cachoeira Dos \u00cdndios<\/li><li>Cajazeiras<\/li><li>Carrapateira<\/li><li>Concei\u00e7\u00e3o<\/li><li>Coremas<\/li><li>Curral Velho<\/li><li>Diamante<\/li><li>Ibiara<\/li><li>Igaracy<\/li><li>Itaporanga<\/li><li>Joca Claudino<\/li><li>Lastro<\/li><li>Mariz\u00f3polis<\/li><li>Monte Horebe<\/li><li>Nazarezinho<\/li><li>Pedra Branca<\/li><li>Pianc\u00f3<\/li><li>Pombal<\/li><li>Po\u00e7o De Jos\u00e9 De Moura<\/li><li>Santa Cruz<\/li><li>Santa Helena<\/li><li>Santa In\u00eas<\/li><li>Santana De Mangueira<\/li><li>Santana Dos Garrotes<\/li><li>Serra Grande<\/li><li>Sousa<\/li><li>S\u00e3o Domingos<\/li><li>S\u00e3o Francisco<\/li><li>S\u00e3o Jos\u00e9 Da Lagoa Tapada<\/li><li>S\u00e3o Jos\u00e9 De Caiana<\/li><li>S\u00e3o Jos\u00e9 De Piranhas<\/li><li>S\u00e3o Jo\u00e3o Do Rio Do Peixe<\/li><li>Triunfo<\/li><li>Uira\u00fana<\/li><li>Vieir\u00f3polis<\/li><\/ul>\n","protected":false},"excerpt":{"rendered":"<p>A primavera j\u00e1 come\u00e7ou com temperaturas altas nas regi\u00f5es mais secas do Nordeste. Nesta segunda-feira (23) o Instituto Nacional de Meteorologia (Inmet) emitiu dois alertas&hellip; <\/p>\n","protected":false},"author":1,"featured_media":119317,"comment_status":"closed","ping_status":"closed","sticky":false,"template":"","format":"standard","meta":{"sfsi_plus_gutenberg_text_before_share":"","sfsi_plus_gutenberg_show_text_before_share":"","sfsi_plus_gutenberg_icon_type":"","sfsi_plus_gutenberg_icon_alignemt":"","sfsi_plus_gutenburg_max_per_row":"","footnotes":""},"categories":[6],"tags":[],"class_list":["post-119315","post","type-post","status-publish","format-standard","has-post-thumbnail","hentry","category-cidades"],"_links":{"self":[{"href":"https:\/\/www.caririemacao.com\/1\/wp-json\/wp\/v2\/posts\/119315","targetHints":{"allow":["GET"]}}],"collection":[{"href":"https:\/\/www.caririemacao.com\/1\/wp-json\/wp\/v2\/posts"}],"about":[{"href":"https:\/\/www.caririemacao.com\/1\/wp-json\/wp\/v2\/types\/post"}],"author":[{"embeddable":true,"href":"https:\/\/www.caririemacao.com\/1\/wp-json\/wp\/v2\/users\/1"}],"replies":[{"embeddable":true,"href":"https:\/\/www.caririemacao.com\/1\/wp-json\/wp\/v2\/comments?post=119315"}],"version-history":[{"count":1,"href":"https:\/\/www.caririemacao.com\/1\/wp-json\/wp\/v2\/posts\/119315\/revisions"}],"predecessor-version":[{"id":119318,"href":"https:\/\/www.caririemacao.com\/1\/wp-json\/wp\/v2\/posts\/119315\/revisions\/119318"}],"wp:featuredmedia":[{"embeddable":true,"href":"https:\/\/www.caririemacao.com\/1\/wp-json\/wp\/v2\/media\/119317"}],"wp:attachment":[{"href":"https:\/\/www.caririemacao.com\/1\/wp-json\/wp\/v2\/media?parent=119315"}],"wp:term":[{"taxonomy":"category","embeddable":true,"href":"https:\/\/www.caririemacao.com\/1\/wp-json\/wp\/v2\/categories?post=119315"},{"taxonomy":"post_tag","embeddable":true,"href":"https:\/\/www.caririemacao.com\/1\/wp-json\/wp\/v2\/tags?post=119315"}],"curies":[{"name":"wp","href":"https:\/\/api.w.org\/{rel}","templated":true}]}}