{"id":119323,"date":"2019-09-23T13:17:20","date_gmt":"2019-09-23T16:17:20","guid":{"rendered":"http:\/\/www.caririemacao.com\/1\/?p=119323"},"modified":"2019-09-23T13:17:20","modified_gmt":"2019-09-23T16:17:20","slug":"joao-azevedo-diz-que-e-cedo-para-falar-em-destino-partidario","status":"publish","type":"post","link":"https:\/\/www.caririemacao.com\/1\/2019\/09\/23\/joao-azevedo-diz-que-e-cedo-para-falar-em-destino-partidario\/","title":{"rendered":"Jo\u00e3o Azev\u00eado diz que \u00e9 cedo para falar em destino partid\u00e1rio"},"content":{"rendered":"\n<p>O governador Jo\u00e3o Azev\u00eado afirmou que ainda n\u00e3o \u00e9 o momento de discutir o seu destino partid\u00e1rio. Perguntado se, ap\u00f3s uma poss\u00edvel sa\u00edda do PSB, se filiaria a um partido de centro-esquerda, Jo\u00e3o Azev\u00eado disse que n\u00e3o dar\u00e1 garantia de nada.&nbsp;<\/p>\n\n\n\n<p>\u201cN\u00e3o vou assumir compromisso com qualquer partido que seja nesse momento. N\u00e3o \u00e9 o momento adequado\u201d, afirmou.<\/p>\n\n\n\n<p>O governador se reunir\u00e1, nesta segunda-feira (23), com alguns partidos em Jo\u00e3o Pessoa. A pauta, segundo ele, ser\u00e1 uma conversa pol\u00edtica a respeito da conjuntura que a Para\u00edba atravessa. Jo\u00e3o Azev\u00eado disse que quer ouvir a leitura que cada partido est\u00e1 fazendo dessa conjuntura.&nbsp;<\/p>\n\n\n\n<p>A declara\u00e7\u00e3o foi feita durante o lan\u00e7amento do projeto \u2018Praia Limpa\u2019, na manh\u00e3 desta segunda-feira. O projeto tem o objetivo de coibir as liga\u00e7\u00f5es esgoto clandestinas nas praias de Jo\u00e3o Pessoa. Na ocasi\u00e3o o governador tamb\u00e9m anunciou melhorias no esgotamento sanit\u00e1rio da cidade.&nbsp;<\/p>\n","protected":false},"excerpt":{"rendered":"<p>O governador Jo\u00e3o Azev\u00eado afirmou que ainda n\u00e3o \u00e9 o momento de discutir o seu destino partid\u00e1rio. Perguntado se, ap\u00f3s uma poss\u00edvel sa\u00edda do PSB,&hellip; <\/p>\n","protected":false},"author":1,"featured_media":119325,"comment_status":"closed","ping_status":"closed","sticky":false,"template":"","format":"standard","meta":{"sfsi_plus_gutenberg_text_before_share":"","sfsi_plus_gutenberg_show_text_before_share":"","sfsi_plus_gutenberg_icon_type":"","sfsi_plus_gutenberg_icon_alignemt":"","sfsi_plus_gutenburg_max_per_row":"","footnotes":""},"categories":[11],"tags":[],"class_list":["post-119323","post","type-post","status-publish","format-standard","has-post-thumbnail","hentry","category-politica"],"_links":{"self":[{"href":"https:\/\/www.caririemacao.com\/1\/wp-json\/wp\/v2\/posts\/119323","targetHints":{"allow":["GET"]}}],"collection":[{"href":"https:\/\/www.caririemacao.com\/1\/wp-json\/wp\/v2\/posts"}],"about":[{"href":"https:\/\/www.caririemacao.com\/1\/wp-json\/wp\/v2\/types\/post"}],"author":[{"embeddable":true,"href":"https:\/\/www.caririemacao.com\/1\/wp-json\/wp\/v2\/users\/1"}],"replies":[{"embeddable":true,"href":"https:\/\/www.caririemacao.com\/1\/wp-json\/wp\/v2\/comments?post=119323"}],"version-history":[{"count":1,"href":"https:\/\/www.caririemacao.com\/1\/wp-json\/wp\/v2\/posts\/119323\/revisions"}],"predecessor-version":[{"id":119326,"href":"https:\/\/www.caririemacao.com\/1\/wp-json\/wp\/v2\/posts\/119323\/revisions\/119326"}],"wp:featuredmedia":[{"embeddable":true,"href":"https:\/\/www.caririemacao.com\/1\/wp-json\/wp\/v2\/media\/119325"}],"wp:attachment":[{"href":"https:\/\/www.caririemacao.com\/1\/wp-json\/wp\/v2\/media?parent=119323"}],"wp:term":[{"taxonomy":"category","embeddable":true,"href":"https:\/\/www.caririemacao.com\/1\/wp-json\/wp\/v2\/categories?post=119323"},{"taxonomy":"post_tag","embeddable":true,"href":"https:\/\/www.caririemacao.com\/1\/wp-json\/wp\/v2\/tags?post=119323"}],"curies":[{"name":"wp","href":"https:\/\/api.w.org\/{rel}","templated":true}]}}