{"id":119330,"date":"2019-09-23T14:05:23","date_gmt":"2019-09-23T17:05:23","guid":{"rendered":"http:\/\/www.caririemacao.com\/1\/?p=119330"},"modified":"2019-09-23T14:05:23","modified_gmt":"2019-09-23T17:05:23","slug":"criancas-do-scfv-de-monteiro-participam-de-aulas-de-flauta-doce-em-parceria-com-ifpb","status":"publish","type":"post","link":"https:\/\/www.caririemacao.com\/1\/2019\/09\/23\/criancas-do-scfv-de-monteiro-participam-de-aulas-de-flauta-doce-em-parceria-com-ifpb\/","title":{"rendered":"Crian\u00e7as do SCFV de Monteiro participam de aulas de flauta doce em parceria com IFPB"},"content":{"rendered":"\n<p>Com o objetivo de prevenir situa\u00e7\u00f5es de riscos, resgatando potencialidades e habilidades, atrav\u00e9s de atividades esportivas, pedag\u00f3gicas, culturais e de inclus\u00e3o social, a Prefeitura Municipal de Monteiro, por meio da Secretaria de Desenvolvimento Social e CRAS, oferecem aos pequenos monteirenses aulas de flauta doce.<\/p>\n\n\n\n<p>As atividades ser\u00e3o realizadas com a monitora Julia Cristina dos Santos e acontecem nas salas de aulas do Instituto Federal da Para\u00edba \u2013 IFPB, atrav\u00e9s de uma parceria com a gest\u00e3o municipal, beneficiando 20 crian\u00e7as atendidas no Servi\u00e7o de Conviv\u00eancia e Fortalecimento de V\u00ednculos \u2013 SCFV.<\/p>\n\n\n\n<p>&nbsp;\u201cConcentra\u00e7\u00e3o e disciplina s\u00e3o os principais benef\u00edcios oferecidos pelas aulas de m\u00fasica e isso reflete significativamente no processo de aprendizado escolar, bem como na vida familiar e social\u201d, afirma a secret\u00e1ria da pasta, Rosa Aleixo.<\/p>\n\n\n\n<p>O projeto al\u00e9m de estimular a criatividade e o desenvolvimento psicomotor das &nbsp;crian\u00e7as, possibilita ainda a forma\u00e7\u00e3o de conjuntos, melhorando a capacidade de memoriza\u00e7\u00e3o, aten\u00e7\u00e3o e exercitando o f\u00edsico, o racional e o emocional dos envolvidos.<\/p>\n","protected":false},"excerpt":{"rendered":"<p>Com o objetivo de prevenir situa\u00e7\u00f5es de riscos, resgatando potencialidades e habilidades, atrav\u00e9s de atividades esportivas, pedag\u00f3gicas, culturais e de inclus\u00e3o social, a Prefeitura Municipal&hellip; <\/p>\n","protected":false},"author":1,"featured_media":119332,"comment_status":"closed","ping_status":"closed","sticky":false,"template":"","format":"standard","meta":{"sfsi_plus_gutenberg_text_before_share":"","sfsi_plus_gutenberg_show_text_before_share":"","sfsi_plus_gutenberg_icon_type":"","sfsi_plus_gutenberg_icon_alignemt":"","sfsi_plus_gutenburg_max_per_row":"","footnotes":""},"categories":[6],"tags":[],"class_list":["post-119330","post","type-post","status-publish","format-standard","has-post-thumbnail","hentry","category-cidades"],"_links":{"self":[{"href":"https:\/\/www.caririemacao.com\/1\/wp-json\/wp\/v2\/posts\/119330","targetHints":{"allow":["GET"]}}],"collection":[{"href":"https:\/\/www.caririemacao.com\/1\/wp-json\/wp\/v2\/posts"}],"about":[{"href":"https:\/\/www.caririemacao.com\/1\/wp-json\/wp\/v2\/types\/post"}],"author":[{"embeddable":true,"href":"https:\/\/www.caririemacao.com\/1\/wp-json\/wp\/v2\/users\/1"}],"replies":[{"embeddable":true,"href":"https:\/\/www.caririemacao.com\/1\/wp-json\/wp\/v2\/comments?post=119330"}],"version-history":[{"count":1,"href":"https:\/\/www.caririemacao.com\/1\/wp-json\/wp\/v2\/posts\/119330\/revisions"}],"predecessor-version":[{"id":119333,"href":"https:\/\/www.caririemacao.com\/1\/wp-json\/wp\/v2\/posts\/119330\/revisions\/119333"}],"wp:featuredmedia":[{"embeddable":true,"href":"https:\/\/www.caririemacao.com\/1\/wp-json\/wp\/v2\/media\/119332"}],"wp:attachment":[{"href":"https:\/\/www.caririemacao.com\/1\/wp-json\/wp\/v2\/media?parent=119330"}],"wp:term":[{"taxonomy":"category","embeddable":true,"href":"https:\/\/www.caririemacao.com\/1\/wp-json\/wp\/v2\/categories?post=119330"},{"taxonomy":"post_tag","embeddable":true,"href":"https:\/\/www.caririemacao.com\/1\/wp-json\/wp\/v2\/tags?post=119330"}],"curies":[{"name":"wp","href":"https:\/\/api.w.org\/{rel}","templated":true}]}}