{"id":119340,"date":"2019-09-23T14:53:22","date_gmt":"2019-09-23T17:53:22","guid":{"rendered":"http:\/\/www.caririemacao.com\/1\/?p=119340"},"modified":"2019-09-23T14:53:22","modified_gmt":"2019-09-23T17:53:22","slug":"estresse-atinge-90-da-populacao","status":"publish","type":"post","link":"https:\/\/www.caririemacao.com\/1\/2019\/09\/23\/estresse-atinge-90-da-populacao\/","title":{"rendered":"Estresse atinge 90% da popula\u00e7\u00e3o"},"content":{"rendered":"\n<p>Estou estressado!-, -Estou exausta-, -Estou em tempo de explodir-. Diariamente escutamos as pessoas falarem no estresse e demonstrarem sintomas desse mal que, de acordo com pesquisa da Associa\u00e7\u00e3o Internacional do Controle ao Estresse, coloca o brasileiro como o segundo mais estressado do mundo, perdendo apenas para o japon\u00eas. Conforme a Organiza\u00e7\u00e3o Mundial da Sa\u00fade (OMS), 90% da popula\u00e7\u00e3o mundial&nbsp; sofre desse enfermidade.<\/p>\n\n\n\n<p>Estresse \u00e9 um problema s\u00e9rio e requer cuidados! Nesta segunda-feira (23), Dia de Combate ao Estresse, a psic\u00f3loga do Hapvida em Jo\u00e3o Pessoa, Danielle Azevedo, explica que ele \u00e9 uma resposta a algo que desestabiliza o indiv\u00edduo e destaca que adotar h\u00e1bitos simples pode reverter esse quadro.<\/p>\n\n\n\n<p>-Uma rotina com boa noite de sono, atividade f\u00edsica, alimenta\u00e7\u00e3o adequada \u00e9 primordial para combater o estresse em todas as idades. No caso dos adultos, \u00e9 poss\u00edvel incluir a quest\u00e3o da sexualidade, o que gera a libera\u00e7\u00e3o de horm\u00f4nios que auxiliam na melhora do humor-, orienta.<\/p>\n\n\n\n<p>Entre os gatilhos que geram estresse est\u00e3o excesso de trabalho, de est\u00edmulos, fechamento de ciclos, perdas s\u00e3o alguns fatores que podem gerar estresse em um indiv\u00edduo, segundo a especialista.<\/p>\n\n\n\n<p>Danielle Azevedo ressalta que o estresse pode ser moment\u00e2neo ou cont\u00ednuo, onde pode vir a se tornar um quadro de ansiedade. -Todo indiv\u00edduo em algum momento passa por momento de uma rea\u00e7\u00e3o de estresse, que \u00e9 uma rea\u00e7\u00e3o da ansiedade em decorr\u00eancia do estresse porque a ansiedade \u00e9 o estresse em sua forma cr\u00f4nica-, esclarece Danielle.<\/p>\n\n\n\n<p>A Sociedade Brasileira de Cardiologia revela que quase 200 mil pessoas j\u00e1 morreram esse ano no Brasil decorrentes de doen\u00e7as cardiovasculares e o estresse \u00e9 apontado como uma das principais causas.<\/p>\n\n\n\n<p>A psic\u00f3loga ainda faz um alerta sobre e afirma que \u00e9 poss\u00edvel estar estressado e n\u00e3o apresentar sintomas.&nbsp; -O estresse pode ser evidenciado ou n\u00e3o e, juntamente com ele, a ansiedade. \u00c0s vezes \u00e9 poss\u00edvel perceber a ansiedade, mas o estresse passa despercebido porque ele n\u00e3o ocorre necessariamente apenas quando a pessoa sai de eixo e fica com raiva, inst\u00e1vel emocionalmente. \u00c9 poss\u00edvel estar estressado em sil\u00eancio. Por\u00e9m, a repress\u00e3o do estresse pode levar o indiv\u00edduo a um estresse cr\u00f4nico-, alerta a psic\u00f3loga.<\/p>\n\n\n\n<p>Diferen\u00e7a \u2013 A Organiza\u00e7\u00e3o Mundial da Sa\u00fade (OMS) faz uma diferen\u00e7a entre s\u00edndrome de Burnout, depress\u00e3o e estresse. Burnout \u00e9 estresse cr\u00f4nico e tem origem no ambiente de trabalho; a depress\u00e3o \u00e9 uma doen\u00e7a psiqui\u00e1trica cr\u00f4nica; j\u00e1 o estresse \u00e9 uma resposta do corpo \u00e0s circunst\u00e2ncias do dia a dia.<\/p>\n","protected":false},"excerpt":{"rendered":"<p>Estou estressado!-, -Estou exausta-, -Estou em tempo de explodir-. Diariamente escutamos as pessoas falarem no estresse e demonstrarem sintomas desse mal que, de acordo com&hellip; <\/p>\n","protected":false},"author":1,"featured_media":96621,"comment_status":"closed","ping_status":"closed","sticky":false,"template":"","format":"standard","meta":{"sfsi_plus_gutenberg_text_before_share":"","sfsi_plus_gutenberg_show_text_before_share":"","sfsi_plus_gutenberg_icon_type":"","sfsi_plus_gutenberg_icon_alignemt":"","sfsi_plus_gutenburg_max_per_row":"","footnotes":""},"categories":[16],"tags":[],"class_list":["post-119340","post","type-post","status-publish","format-standard","has-post-thumbnail","hentry","category-saude"],"_links":{"self":[{"href":"https:\/\/www.caririemacao.com\/1\/wp-json\/wp\/v2\/posts\/119340","targetHints":{"allow":["GET"]}}],"collection":[{"href":"https:\/\/www.caririemacao.com\/1\/wp-json\/wp\/v2\/posts"}],"about":[{"href":"https:\/\/www.caririemacao.com\/1\/wp-json\/wp\/v2\/types\/post"}],"author":[{"embeddable":true,"href":"https:\/\/www.caririemacao.com\/1\/wp-json\/wp\/v2\/users\/1"}],"replies":[{"embeddable":true,"href":"https:\/\/www.caririemacao.com\/1\/wp-json\/wp\/v2\/comments?post=119340"}],"version-history":[{"count":1,"href":"https:\/\/www.caririemacao.com\/1\/wp-json\/wp\/v2\/posts\/119340\/revisions"}],"predecessor-version":[{"id":119342,"href":"https:\/\/www.caririemacao.com\/1\/wp-json\/wp\/v2\/posts\/119340\/revisions\/119342"}],"wp:featuredmedia":[{"embeddable":true,"href":"https:\/\/www.caririemacao.com\/1\/wp-json\/wp\/v2\/media\/96621"}],"wp:attachment":[{"href":"https:\/\/www.caririemacao.com\/1\/wp-json\/wp\/v2\/media?parent=119340"}],"wp:term":[{"taxonomy":"category","embeddable":true,"href":"https:\/\/www.caririemacao.com\/1\/wp-json\/wp\/v2\/categories?post=119340"},{"taxonomy":"post_tag","embeddable":true,"href":"https:\/\/www.caririemacao.com\/1\/wp-json\/wp\/v2\/tags?post=119340"}],"curies":[{"name":"wp","href":"https:\/\/api.w.org\/{rel}","templated":true}]}}