{"id":119351,"date":"2019-09-23T15:28:07","date_gmt":"2019-09-23T18:28:07","guid":{"rendered":"http:\/\/www.caririemacao.com\/1\/?p=119351"},"modified":"2019-09-23T15:28:07","modified_gmt":"2019-09-23T18:28:07","slug":"botafogo-pb-acerta-permanencia-de-meia-e-chega-a-14-remanescentes","status":"publish","type":"post","link":"https:\/\/www.caririemacao.com\/1\/2019\/09\/23\/botafogo-pb-acerta-permanencia-de-meia-e-chega-a-14-remanescentes\/","title":{"rendered":"Botafogo-PB acerta perman\u00eancia de meia e chega a 14 remanescentes"},"content":{"rendered":"\n<p><br>Depois de uma longa espera, finalmente veio a confirma\u00e7\u00e3o.<\/p>\n\n\n\n<p>O meio-campista Juninho, de 33 anos, ser\u00e1 jogador do Botafogo-PB mais uma vez em 2020. Com o acerto apalavrado h\u00e1 algumas semanas, o clube divulgou, s\u00e1bado, atrav\u00e9s das redes sociais, a extens\u00e3o do contrato do jogador, que vai para sua quarta temporada na Maravilha do Contorno.<\/p>\n\n\n\n<figure class=\"wp-block-image\"><img decoding=\"async\" data-src=\"https:\/\/paraibaonline.com.br\/wp-content\/uploads\/2018\/08\/Juninho_BotaPB-567x400.jpg\" alt=\"\" class=\"wp-image-490389 lazyload\" src=\"data:image\/svg+xml;base64,PHN2ZyB3aWR0aD0iMSIgaGVpZ2h0PSIxIiB4bWxucz0iaHR0cDovL3d3dy53My5vcmcvMjAwMC9zdmciPjwvc3ZnPg==\" style=\"--smush-placeholder-width: 567px; --smush-placeholder-aspect-ratio: 567\/400;\" \/><\/figure>\n\n\n\n<p>Foto: Ascom \/ Botafogo-PB<\/p>\n\n\n\n<p>Antes de ser pe\u00e7a importante na reta final de 2018 e marcar o gol da classifica\u00e7\u00e3o nas semifinais da Copa do Nordeste, contra o N\u00e1utico, neste ano, o atleta esteve no Belo em 2009, ainda em in\u00edcio de carreira, emprestado pelo Sport, mas n\u00e3o teve muitas oportunidades.<\/p>\n\n\n\n<p>Homem de confian\u00e7a do treinador Evaristo Piza, Juninho deve come\u00e7ar a temporada de 2020 com um protagonismo maior, uma vez que Clayton e Marcos Aur\u00e9lio, pe\u00e7as-chave no meio-campo botafoguense, n\u00e3o continuar\u00e3o na equipe. Por\u00e9m, desta vez o camisa 21 ter\u00e1 que disputar a posi\u00e7\u00e3o de segundo-homem do setor com Everton Heleno, contratado recentemente.<\/p>\n\n\n\n<p>Para fechar a lista de remanescentes, que j\u00e1 chega a 14, o clube da estrela vermelha aguarda as respostas dos goleiros Saulo e Jo\u00e3o Guilherme, que t\u00eam em m\u00e3os propostas para ficar.<\/p>\n\n\n\n<p>Al\u00e9m dos que ficam, quatro atletas foram contratados na semana passada e refor\u00e7ar\u00e3o o Botafogo-PB na pr\u00f3xima temporada.<\/p>\n\n\n\n<p><strong>Confira a lista atual do elenco botafoguense para 2020.<\/strong><\/p>\n\n\n\n<p><strong>Goleiro<\/strong>: Rhuan<br><strong>Laterais<\/strong>: Neilson e Israel (emprestado ao CRB); M\u00e1rio S\u00e9rgio (contratado)<br><strong>Zagueiros<\/strong>: Fred, Lu\u00eds Gustavo (contratado) e Donato<br><strong>Meio-campistas<\/strong>: Rog\u00e9rio, Wellington C\u00e9zar, Marcos Vin\u00edcius, Everton Heleno (contratado), Juninho, Eriv\u00e9lton, Enercino<br><strong>Atacantes:<\/strong>&nbsp;Kelvin, Dico, Hiago e Lohan (contratado).<\/p>\n","protected":false},"excerpt":{"rendered":"<p>Depois de uma longa espera, finalmente veio a confirma\u00e7\u00e3o. O meio-campista Juninho, de 33 anos, ser\u00e1 jogador do Botafogo-PB mais uma vez em 2020. Com&hellip; <\/p>\n","protected":false},"author":1,"featured_media":119353,"comment_status":"closed","ping_status":"closed","sticky":false,"template":"","format":"standard","meta":{"sfsi_plus_gutenberg_text_before_share":"","sfsi_plus_gutenberg_show_text_before_share":"","sfsi_plus_gutenberg_icon_type":"","sfsi_plus_gutenberg_icon_alignemt":"","sfsi_plus_gutenburg_max_per_row":"","footnotes":""},"categories":[13],"tags":[],"class_list":["post-119351","post","type-post","status-publish","format-standard","has-post-thumbnail","hentry","category-esportes"],"_links":{"self":[{"href":"https:\/\/www.caririemacao.com\/1\/wp-json\/wp\/v2\/posts\/119351","targetHints":{"allow":["GET"]}}],"collection":[{"href":"https:\/\/www.caririemacao.com\/1\/wp-json\/wp\/v2\/posts"}],"about":[{"href":"https:\/\/www.caririemacao.com\/1\/wp-json\/wp\/v2\/types\/post"}],"author":[{"embeddable":true,"href":"https:\/\/www.caririemacao.com\/1\/wp-json\/wp\/v2\/users\/1"}],"replies":[{"embeddable":true,"href":"https:\/\/www.caririemacao.com\/1\/wp-json\/wp\/v2\/comments?post=119351"}],"version-history":[{"count":1,"href":"https:\/\/www.caririemacao.com\/1\/wp-json\/wp\/v2\/posts\/119351\/revisions"}],"predecessor-version":[{"id":119354,"href":"https:\/\/www.caririemacao.com\/1\/wp-json\/wp\/v2\/posts\/119351\/revisions\/119354"}],"wp:featuredmedia":[{"embeddable":true,"href":"https:\/\/www.caririemacao.com\/1\/wp-json\/wp\/v2\/media\/119353"}],"wp:attachment":[{"href":"https:\/\/www.caririemacao.com\/1\/wp-json\/wp\/v2\/media?parent=119351"}],"wp:term":[{"taxonomy":"category","embeddable":true,"href":"https:\/\/www.caririemacao.com\/1\/wp-json\/wp\/v2\/categories?post=119351"},{"taxonomy":"post_tag","embeddable":true,"href":"https:\/\/www.caririemacao.com\/1\/wp-json\/wp\/v2\/tags?post=119351"}],"curies":[{"name":"wp","href":"https:\/\/api.w.org\/{rel}","templated":true}]}}