{"id":119362,"date":"2019-09-23T17:27:26","date_gmt":"2019-09-23T20:27:26","guid":{"rendered":"http:\/\/www.caririemacao.com\/1\/?p=119362"},"modified":"2019-09-23T17:27:26","modified_gmt":"2019-09-23T20:27:26","slug":"jovem-e-ferido-a-facadas-em-taperoa-e-seu-estado-de-saude-e-grave","status":"publish","type":"post","link":"https:\/\/www.caririemacao.com\/1\/2019\/09\/23\/jovem-e-ferido-a-facadas-em-taperoa-e-seu-estado-de-saude-e-grave\/","title":{"rendered":"Jovem \u00e9 ferido a facadas em Tapero\u00e1 e seu estado de sa\u00fade \u00e9 grave"},"content":{"rendered":"\n<p>Um jovem homossexual foi v\u00edtima de golpes de faca na noite deste domingo numa festa pr\u00f3ximo ao bar Flor do Lar, localizado no conjunto da Solidariedade, Zona Oeste de Tapero\u00e1.<\/p>\n\n\n\n<p>A v\u00edtima \u00e9 conhecida na cidade como Marquinhos. Segundo informa\u00e7\u00f5es apuradas pela nossa reportagem, a v\u00edtima estava numa festa quando se envolveu numa discuss\u00e3o com uma mulher, que desferiu v\u00e1rios golpes de faca contra ele.<\/p>\n\n\n\n<p>Ainda n\u00e3o se sabe o motivo da briga, mas informa\u00e7\u00f5es extra oficiais de populares d\u00e3o conta de que a v\u00edtima teria tentado agredir primeiro a mulher, que conseguiu escapar da agress\u00e3o e se armou com uma faca, vindo a desferir os golpes.<\/p>\n\n\n\n<p>Marquinhos foi encaminhado para o Hospital de Trauma em Campina Grande e seu estado de sa\u00fade \u00e9 considerado grave.<\/p>\n\n\n\n<p><strong>De Olho no Cariri<\/strong><\/p>\n","protected":false},"excerpt":{"rendered":"<p>Um jovem homossexual foi v\u00edtima de golpes de faca na noite deste domingo numa festa pr\u00f3ximo ao bar Flor do Lar, localizado no conjunto da&hellip; <\/p>\n","protected":false},"author":1,"featured_media":119364,"comment_status":"closed","ping_status":"closed","sticky":false,"template":"","format":"standard","meta":{"sfsi_plus_gutenberg_text_before_share":"","sfsi_plus_gutenberg_show_text_before_share":"","sfsi_plus_gutenberg_icon_type":"","sfsi_plus_gutenberg_icon_alignemt":"","sfsi_plus_gutenburg_max_per_row":"","footnotes":""},"categories":[12],"tags":[],"class_list":["post-119362","post","type-post","status-publish","format-standard","has-post-thumbnail","hentry","category-policia"],"_links":{"self":[{"href":"https:\/\/www.caririemacao.com\/1\/wp-json\/wp\/v2\/posts\/119362","targetHints":{"allow":["GET"]}}],"collection":[{"href":"https:\/\/www.caririemacao.com\/1\/wp-json\/wp\/v2\/posts"}],"about":[{"href":"https:\/\/www.caririemacao.com\/1\/wp-json\/wp\/v2\/types\/post"}],"author":[{"embeddable":true,"href":"https:\/\/www.caririemacao.com\/1\/wp-json\/wp\/v2\/users\/1"}],"replies":[{"embeddable":true,"href":"https:\/\/www.caririemacao.com\/1\/wp-json\/wp\/v2\/comments?post=119362"}],"version-history":[{"count":1,"href":"https:\/\/www.caririemacao.com\/1\/wp-json\/wp\/v2\/posts\/119362\/revisions"}],"predecessor-version":[{"id":119365,"href":"https:\/\/www.caririemacao.com\/1\/wp-json\/wp\/v2\/posts\/119362\/revisions\/119365"}],"wp:featuredmedia":[{"embeddable":true,"href":"https:\/\/www.caririemacao.com\/1\/wp-json\/wp\/v2\/media\/119364"}],"wp:attachment":[{"href":"https:\/\/www.caririemacao.com\/1\/wp-json\/wp\/v2\/media?parent=119362"}],"wp:term":[{"taxonomy":"category","embeddable":true,"href":"https:\/\/www.caririemacao.com\/1\/wp-json\/wp\/v2\/categories?post=119362"},{"taxonomy":"post_tag","embeddable":true,"href":"https:\/\/www.caririemacao.com\/1\/wp-json\/wp\/v2\/tags?post=119362"}],"curies":[{"name":"wp","href":"https:\/\/api.w.org\/{rel}","templated":true}]}}