{"id":119372,"date":"2019-09-23T17:29:08","date_gmt":"2019-09-23T20:29:08","guid":{"rendered":"http:\/\/www.caririemacao.com\/1\/?p=119372"},"modified":"2019-09-23T17:29:08","modified_gmt":"2019-09-23T20:29:08","slug":"buracos-na-br-412-podem-ter-feito-carreta-tombar-na-altura-do-municipio-de-serra-branca","status":"publish","type":"post","link":"https:\/\/www.caririemacao.com\/1\/2019\/09\/23\/buracos-na-br-412-podem-ter-feito-carreta-tombar-na-altura-do-municipio-de-serra-branca\/","title":{"rendered":"Buracos na BR 412 podem ter feito carreta tombar na altura do munic\u00edpio de Serra Branca"},"content":{"rendered":"\n<p>Os buracos na BR 412, principal rodovia que corta o Cariri Paraibano, j\u00e1 come\u00e7am a produzir suas conseq\u00fc\u00eancias. Nas primeiras horas desta segunda-feira (23), uma carreta tombou no munic\u00edpio de Serra Branca, provavelmente por conta do desvio de buracos na pista por parte de seu motorista.<\/p>\n\n\n\n<div class=\"wp-block-image\"><figure class=\"alignright\"><img decoding=\"async\" data-src=\"http:\/\/deolhonocariri.com.br\/wp-content\/uploads\/2019\/09\/carreta_buraco_2-600x338.jpg\" alt=\"\" class=\"wp-image-72100 lazyload\" src=\"data:image\/svg+xml;base64,PHN2ZyB3aWR0aD0iMSIgaGVpZ2h0PSIxIiB4bWxucz0iaHR0cDovL3d3dy53My5vcmcvMjAwMC9zdmciPjwvc3ZnPg==\" style=\"--smush-placeholder-width: 600px; --smush-placeholder-aspect-ratio: 600\/338;\" \/><\/figure><\/div>\n\n\n\n<p>De acordo com informa\u00e7\u00f5es apuradas pela reportagem do portal De Olho no Cariri, o motorista perdeu o controle da dire\u00e7\u00e3o ao se assustar com buracos na rodovia. O ve\u00edculo n\u00e3o foi identificado at\u00e9 o momento.<\/p>\n\n\n\n<p>Apesar do susto, os ocupantes do carro tiveram apenas ferimentos leves e houve apenas danos materiais.<\/p>\n\n\n\n<p><strong>De Olho no Cariri<\/strong><\/p>\n","protected":false},"excerpt":{"rendered":"<p>Os buracos na BR 412, principal rodovia que corta o Cariri Paraibano, j\u00e1 come\u00e7am a produzir suas conseq\u00fc\u00eancias. Nas primeiras horas desta segunda-feira (23), uma&hellip; <\/p>\n","protected":false},"author":1,"featured_media":119374,"comment_status":"closed","ping_status":"closed","sticky":false,"template":"","format":"standard","meta":{"sfsi_plus_gutenberg_text_before_share":"","sfsi_plus_gutenberg_show_text_before_share":"","sfsi_plus_gutenberg_icon_type":"","sfsi_plus_gutenberg_icon_alignemt":"","sfsi_plus_gutenburg_max_per_row":"","footnotes":""},"categories":[2],"tags":[],"class_list":["post-119372","post","type-post","status-publish","format-standard","has-post-thumbnail","hentry","category-geral"],"_links":{"self":[{"href":"https:\/\/www.caririemacao.com\/1\/wp-json\/wp\/v2\/posts\/119372","targetHints":{"allow":["GET"]}}],"collection":[{"href":"https:\/\/www.caririemacao.com\/1\/wp-json\/wp\/v2\/posts"}],"about":[{"href":"https:\/\/www.caririemacao.com\/1\/wp-json\/wp\/v2\/types\/post"}],"author":[{"embeddable":true,"href":"https:\/\/www.caririemacao.com\/1\/wp-json\/wp\/v2\/users\/1"}],"replies":[{"embeddable":true,"href":"https:\/\/www.caririemacao.com\/1\/wp-json\/wp\/v2\/comments?post=119372"}],"version-history":[{"count":1,"href":"https:\/\/www.caririemacao.com\/1\/wp-json\/wp\/v2\/posts\/119372\/revisions"}],"predecessor-version":[{"id":119375,"href":"https:\/\/www.caririemacao.com\/1\/wp-json\/wp\/v2\/posts\/119372\/revisions\/119375"}],"wp:featuredmedia":[{"embeddable":true,"href":"https:\/\/www.caririemacao.com\/1\/wp-json\/wp\/v2\/media\/119374"}],"wp:attachment":[{"href":"https:\/\/www.caririemacao.com\/1\/wp-json\/wp\/v2\/media?parent=119372"}],"wp:term":[{"taxonomy":"category","embeddable":true,"href":"https:\/\/www.caririemacao.com\/1\/wp-json\/wp\/v2\/categories?post=119372"},{"taxonomy":"post_tag","embeddable":true,"href":"https:\/\/www.caririemacao.com\/1\/wp-json\/wp\/v2\/tags?post=119372"}],"curies":[{"name":"wp","href":"https:\/\/api.w.org\/{rel}","templated":true}]}}