{"id":119383,"date":"2019-09-23T21:00:48","date_gmt":"2019-09-24T00:00:48","guid":{"rendered":"http:\/\/www.caririemacao.com\/1\/?p=119383"},"modified":"2019-09-23T21:00:48","modified_gmt":"2019-09-24T00:00:48","slug":"no-cariri-tres-vitimas-estao-desaparecidas-na-barragem-sao-jose-apos-canoa-virar","status":"publish","type":"post","link":"https:\/\/www.caririemacao.com\/1\/2019\/09\/23\/no-cariri-tres-vitimas-estao-desaparecidas-na-barragem-sao-jose-apos-canoa-virar\/","title":{"rendered":"NO CARIRI: Tr\u00eas v\u00edtimas est\u00e3o desaparecidas na barragem S\u00e3o Jos\u00e9 ap\u00f3s canoa virar"},"content":{"rendered":"\n<p>De acordo com informa\u00e7\u00f5es 3 pessoas desapareceram na noite\ndesta segunda-feira (23) na Barragem S\u00e3o Jos\u00e9 em Monteiro.<\/p>\n\n\n\n<p>Em contato com a Pol\u00edcia Militar nossa reda\u00e7\u00e3o foi informada\nque as v\u00edtimas ainda n\u00e3o foram encontrados nem identificados e que os mesmo\nest\u00e3o desaparecidos ap\u00f3s a canoa onde estavam virar no a\u00e7ude. O corpo de\nBombeiro foi acionado para realizar buscas no a\u00e7ude a fim de localizar os\ncorpos, as buscas devem ocorrer durante toda a madrugada desta segunda-feira\n(23).<\/p>\n\n\n\n<p>&nbsp;O SAMU regional tamb\u00e9m foi acionado e esteve no local.\nDe acordo com informa\u00e7\u00e3o de populares que estavam no local pescadores tentaram\nsalvar as v\u00edtimas mais n\u00e3o obtiveram sucesso por que a canoa ficou em cima dos\nocupantes quando as mesmas afundaram na \u00e1gua.<\/p>\n\n\n\n<p>Mais informa\u00e7\u00f5es em instantes.<\/p>\n\n\n\n<p>Informa\u00e7\u00f5es TvCariri<\/p>\n","protected":false},"excerpt":{"rendered":"<p>De acordo com informa\u00e7\u00f5es 3 pessoas desapareceram na noite desta segunda-feira (23) na Barragem S\u00e3o Jos\u00e9 em Monteiro. Em contato com a Pol\u00edcia Militar nossa&hellip; <\/p>\n","protected":false},"author":2,"featured_media":119384,"comment_status":"closed","ping_status":"closed","sticky":false,"template":"","format":"standard","meta":{"sfsi_plus_gutenberg_text_before_share":"","sfsi_plus_gutenberg_show_text_before_share":"","sfsi_plus_gutenberg_icon_type":"","sfsi_plus_gutenberg_icon_alignemt":"","sfsi_plus_gutenburg_max_per_row":"","footnotes":""},"categories":[50,12],"tags":[],"class_list":["post-119383","post","type-post","status-publish","format-standard","has-post-thumbnail","hentry","category-destaque","category-policia"],"_links":{"self":[{"href":"https:\/\/www.caririemacao.com\/1\/wp-json\/wp\/v2\/posts\/119383","targetHints":{"allow":["GET"]}}],"collection":[{"href":"https:\/\/www.caririemacao.com\/1\/wp-json\/wp\/v2\/posts"}],"about":[{"href":"https:\/\/www.caririemacao.com\/1\/wp-json\/wp\/v2\/types\/post"}],"author":[{"embeddable":true,"href":"https:\/\/www.caririemacao.com\/1\/wp-json\/wp\/v2\/users\/2"}],"replies":[{"embeddable":true,"href":"https:\/\/www.caririemacao.com\/1\/wp-json\/wp\/v2\/comments?post=119383"}],"version-history":[{"count":1,"href":"https:\/\/www.caririemacao.com\/1\/wp-json\/wp\/v2\/posts\/119383\/revisions"}],"predecessor-version":[{"id":119385,"href":"https:\/\/www.caririemacao.com\/1\/wp-json\/wp\/v2\/posts\/119383\/revisions\/119385"}],"wp:featuredmedia":[{"embeddable":true,"href":"https:\/\/www.caririemacao.com\/1\/wp-json\/wp\/v2\/media\/119384"}],"wp:attachment":[{"href":"https:\/\/www.caririemacao.com\/1\/wp-json\/wp\/v2\/media?parent=119383"}],"wp:term":[{"taxonomy":"category","embeddable":true,"href":"https:\/\/www.caririemacao.com\/1\/wp-json\/wp\/v2\/categories?post=119383"},{"taxonomy":"post_tag","embeddable":true,"href":"https:\/\/www.caririemacao.com\/1\/wp-json\/wp\/v2\/tags?post=119383"}],"curies":[{"name":"wp","href":"https:\/\/api.w.org\/{rel}","templated":true}]}}