{"id":119388,"date":"2019-09-24T08:05:45","date_gmt":"2019-09-24T11:05:45","guid":{"rendered":"http:\/\/www.caririemacao.com\/1\/?p=119388"},"modified":"2019-09-24T08:05:45","modified_gmt":"2019-09-24T11:05:45","slug":"policia-civil-informa-que-suspeitos-de-atropelar-familia-em-areia-vao-se-apresentar-nesta-terca","status":"publish","type":"post","link":"https:\/\/www.caririemacao.com\/1\/2019\/09\/24\/policia-civil-informa-que-suspeitos-de-atropelar-familia-em-areia-vao-se-apresentar-nesta-terca\/","title":{"rendered":"Pol\u00edcia Civil informa que suspeitos de atropelar fam\u00edlia em Areia v\u00e3o se apresentar nesta ter\u00e7a"},"content":{"rendered":"\n<p>A Pol\u00edcia Civil informou que os suspeitos de atropelar cinco pessoas da mesma fam\u00edlia, na noite do domingo (22), na cidade de Areia, foram identificados e v\u00e3o se entregar nesta ter\u00e7a-feira (24).&nbsp;<\/p>\n\n\n\n<p>O delegado disse que os suspeitos s\u00e3o o dono de uma empresa que realiza transportes, al\u00e9m do funcion\u00e1rio dele.&nbsp;<\/p>\n\n\n\n<p>O acidente aconteceu quando a fam\u00edlia estava na cal\u00e7ada da resid\u00eancia, quando foram surpreendidos pelo ve\u00edculo. No acidente, um menino de 10 anos morreu ainda no loca. A m\u00e3e, de 34 anos chegou a ser socorrida para uma unidade de sa\u00fade, mas n\u00e3o resistiu aos ferimentos e foi a \u00f3bito.<\/p>\n\n\n\n<p>Duas crian\u00e7as uma de 4 e outra de 6 anos, e o pai de 28 anos tamb\u00e9m ficaram feridos. Eles foram transferidos para o Hospital de Trauma de Campina Grande, na Para\u00edba.<\/p>\n\n\n\n<p>A menina de 4 anos sofreu uma les\u00e3o no pulso e recebeu alta nesta segunda-feira (23). J\u00e1 a outra crian\u00e7a, de 6 anos sofreu traumatismo craniano e seu estado de sa\u00fade \u00e9 considerado grave. O pai sofreu uma fratura exposta, mas o estado de sa\u00fade \u00e9 considerado regular.&nbsp;<\/p>\n","protected":false},"excerpt":{"rendered":"<p>A Pol\u00edcia Civil informou que os suspeitos de atropelar cinco pessoas da mesma fam\u00edlia, na noite do domingo (22), na cidade de Areia, foram identificados&hellip; <\/p>\n","protected":false},"author":1,"featured_media":119390,"comment_status":"closed","ping_status":"closed","sticky":false,"template":"","format":"standard","meta":{"sfsi_plus_gutenberg_text_before_share":"","sfsi_plus_gutenberg_show_text_before_share":"","sfsi_plus_gutenberg_icon_type":"","sfsi_plus_gutenberg_icon_alignemt":"","sfsi_plus_gutenburg_max_per_row":"","footnotes":""},"categories":[12],"tags":[],"class_list":["post-119388","post","type-post","status-publish","format-standard","has-post-thumbnail","hentry","category-policia"],"_links":{"self":[{"href":"https:\/\/www.caririemacao.com\/1\/wp-json\/wp\/v2\/posts\/119388","targetHints":{"allow":["GET"]}}],"collection":[{"href":"https:\/\/www.caririemacao.com\/1\/wp-json\/wp\/v2\/posts"}],"about":[{"href":"https:\/\/www.caririemacao.com\/1\/wp-json\/wp\/v2\/types\/post"}],"author":[{"embeddable":true,"href":"https:\/\/www.caririemacao.com\/1\/wp-json\/wp\/v2\/users\/1"}],"replies":[{"embeddable":true,"href":"https:\/\/www.caririemacao.com\/1\/wp-json\/wp\/v2\/comments?post=119388"}],"version-history":[{"count":1,"href":"https:\/\/www.caririemacao.com\/1\/wp-json\/wp\/v2\/posts\/119388\/revisions"}],"predecessor-version":[{"id":119391,"href":"https:\/\/www.caririemacao.com\/1\/wp-json\/wp\/v2\/posts\/119388\/revisions\/119391"}],"wp:featuredmedia":[{"embeddable":true,"href":"https:\/\/www.caririemacao.com\/1\/wp-json\/wp\/v2\/media\/119390"}],"wp:attachment":[{"href":"https:\/\/www.caririemacao.com\/1\/wp-json\/wp\/v2\/media?parent=119388"}],"wp:term":[{"taxonomy":"category","embeddable":true,"href":"https:\/\/www.caririemacao.com\/1\/wp-json\/wp\/v2\/categories?post=119388"},{"taxonomy":"post_tag","embeddable":true,"href":"https:\/\/www.caririemacao.com\/1\/wp-json\/wp\/v2\/tags?post=119388"}],"curies":[{"name":"wp","href":"https:\/\/api.w.org\/{rel}","templated":true}]}}