{"id":119431,"date":"2019-09-24T08:16:16","date_gmt":"2019-09-24T11:16:16","guid":{"rendered":"http:\/\/www.caririemacao.com\/1\/?p=119431"},"modified":"2019-09-24T08:16:16","modified_gmt":"2019-09-24T11:16:16","slug":"franca-reino-unido-e-alemanha-culpam-ira-por-ataque-na-arabia-saudita","status":"publish","type":"post","link":"https:\/\/www.caririemacao.com\/1\/2019\/09\/24\/franca-reino-unido-e-alemanha-culpam-ira-por-ataque-na-arabia-saudita\/","title":{"rendered":"Fran\u00e7a, Reino Unido e Alemanha culpam Ir\u00e3 por ataque na Ar\u00e1bia Saudita"},"content":{"rendered":"\n<p>Os l\u00edderes da Fran\u00e7a, do Reino Unido e da Alemanha afirmam acreditar que o Ir\u00e3 tenha sido o respons\u00e1vel pelo ataque \u00e0s refinarias na Ar\u00e1bia Saudita, ocorrido este m\u00eas.<\/p>\n\n\n\n<p>O presidente franc\u00eas Emmanuel Macron, o primeiro-ministro brit\u00e2nico Boris Johnson e a chanceler alem\u00e3 Angela Merkel se reuniram para discutir uma estrat\u00e9gia em rela\u00e7\u00e3o ao Ir\u00e3 durante o encontro de l\u00edderes mundiais nas Na\u00e7\u00f5es Unidas na segunda-feira (23).<\/p>\n\n\n\n<p>Em um comunicado conjunto, os tr\u00eas l\u00edderes afirmam que &#8220;est\u00e1 claro&#8221; que o Ir\u00e3 \u00e9 o respons\u00e1vel pelo ataque.<\/p>\n\n\n\n<p>E acrescentam que &#8220;n\u00e3o h\u00e1 outra explica\u00e7\u00e3o plaus\u00edvel&#8221;, apoiando a posi\u00e7\u00e3o defendida pelos Estados Unidos. A Europa vem trabalhando para mediar os crescentes conflitos entre o Ir\u00e3 e os Estados Unidos.<\/p>\n\n\n\n<p>As lideran\u00e7as afirmam que \u00e9 hora de o Ir\u00e3 se unir \u00e0s discuss\u00f5es.<\/p>\n\n\n\n<p>As tens\u00f5es se intensificaram depois que os Estados Unidos se retiraram do acordo nuclear de 2015, que tinha o objetivo de deter o programa nuclear iraniano, e impuseram novas r\u00edgidas san\u00e7\u00f5es econ\u00f4micas ao pa\u00eds.<\/p>\n\n\n\n<p>Em contrapartida, o Ir\u00e3 violou diversas condi\u00e7\u00f5es estabelecidas no pacto multilateral.<\/p>\n","protected":false},"excerpt":{"rendered":"<p>Os l\u00edderes da Fran\u00e7a, do Reino Unido e da Alemanha afirmam acreditar que o Ir\u00e3 tenha sido o respons\u00e1vel pelo ataque \u00e0s refinarias na Ar\u00e1bia&hellip; <\/p>\n","protected":false},"author":1,"featured_media":17516,"comment_status":"closed","ping_status":"closed","sticky":false,"template":"","format":"standard","meta":{"sfsi_plus_gutenberg_text_before_share":"","sfsi_plus_gutenberg_show_text_before_share":"","sfsi_plus_gutenberg_icon_type":"","sfsi_plus_gutenberg_icon_alignemt":"","sfsi_plus_gutenburg_max_per_row":"","footnotes":""},"categories":[2],"tags":[],"class_list":["post-119431","post","type-post","status-publish","format-standard","has-post-thumbnail","hentry","category-geral"],"_links":{"self":[{"href":"https:\/\/www.caririemacao.com\/1\/wp-json\/wp\/v2\/posts\/119431","targetHints":{"allow":["GET"]}}],"collection":[{"href":"https:\/\/www.caririemacao.com\/1\/wp-json\/wp\/v2\/posts"}],"about":[{"href":"https:\/\/www.caririemacao.com\/1\/wp-json\/wp\/v2\/types\/post"}],"author":[{"embeddable":true,"href":"https:\/\/www.caririemacao.com\/1\/wp-json\/wp\/v2\/users\/1"}],"replies":[{"embeddable":true,"href":"https:\/\/www.caririemacao.com\/1\/wp-json\/wp\/v2\/comments?post=119431"}],"version-history":[{"count":1,"href":"https:\/\/www.caririemacao.com\/1\/wp-json\/wp\/v2\/posts\/119431\/revisions"}],"predecessor-version":[{"id":119433,"href":"https:\/\/www.caririemacao.com\/1\/wp-json\/wp\/v2\/posts\/119431\/revisions\/119433"}],"wp:featuredmedia":[{"embeddable":true,"href":"https:\/\/www.caririemacao.com\/1\/wp-json\/wp\/v2\/media\/17516"}],"wp:attachment":[{"href":"https:\/\/www.caririemacao.com\/1\/wp-json\/wp\/v2\/media?parent=119431"}],"wp:term":[{"taxonomy":"category","embeddable":true,"href":"https:\/\/www.caririemacao.com\/1\/wp-json\/wp\/v2\/categories?post=119431"},{"taxonomy":"post_tag","embeddable":true,"href":"https:\/\/www.caririemacao.com\/1\/wp-json\/wp\/v2\/tags?post=119431"}],"curies":[{"name":"wp","href":"https:\/\/api.w.org\/{rel}","templated":true}]}}