{"id":119442,"date":"2019-09-24T08:18:05","date_gmt":"2019-09-24T11:18:05","guid":{"rendered":"http:\/\/www.caririemacao.com\/1\/?p=119442"},"modified":"2019-09-24T08:18:05","modified_gmt":"2019-09-24T11:18:05","slug":"ghosn-pode-pagar-multa-para-liquidar-acusacoes-de-fraude-nos-eua","status":"publish","type":"post","link":"https:\/\/www.caririemacao.com\/1\/2019\/09\/24\/ghosn-pode-pagar-multa-para-liquidar-acusacoes-de-fraude-nos-eua\/","title":{"rendered":"Ghosn pode pagar multa para liquidar acusa\u00e7\u00f5es de fraude nos EUA"},"content":{"rendered":"\n<p>A Comiss\u00e3o de T\u00edtulos e C\u00e2mbio dos Estados Unidos afirmou que o ex-chefe do conselho de administra\u00e7\u00e3o da Nissan Motor, o brasileiro Carlos Ghosn, concordou em pagar uma multa de 1 milh\u00e3o de d\u00f3lares para liquidar as acusa\u00e7\u00f5es de fraude contra ele.<\/p>\n\n\n\n<p>Em uma declara\u00e7\u00e3o divulgada nesta segunda-feira (23), a comiss\u00e3o disse que o ex-executivo da Nissan, Greg Kelly, e a montadora japonesa tamb\u00e9m concordaram em pagar multas em um total de 100 mil d\u00f3lares e 15 milh\u00f5es de d\u00f3lares, respectivamente.<\/p>\n\n\n\n<figure class=\"wp-block-image\"><img decoding=\"async\" data-src=\"http:\/\/imagens.ebc.com.br\/1Db9SXrpXYm3-3wg-T46F92JTNE=\/754x0\/smart\/http:\/\/agenciabrasil.ebc.com.br\/sites\/default\/files\/thumbnails\/image\/reuters-regis_duvignau-file_photo.jpg?itok=Y7KOigHa\" alt=\"FILE PHOTO: Carlos Ghosn, chairman and CEO of the Renault-Nissan-Mitsubishi REUTERS\/Regis Duvignau\/File Photo\" src=\"data:image\/svg+xml;base64,PHN2ZyB3aWR0aD0iMSIgaGVpZ2h0PSIxIiB4bWxucz0iaHR0cDovL3d3dy53My5vcmcvMjAwMC9zdmciPjwvc3ZnPg==\" class=\"lazyload\" \/><\/figure>\n\n\n\n<p>Carlos Ghosn pagar\u00e1 multa de 1 milh\u00e3o de d\u00f3lares&nbsp;para liquidar acusa\u00e7\u00f5es de fraude &nbsp; &nbsp;&nbsp;<strong>(Arquivo\/<\/strong><strong>REUTERS\/Regis Duvignau\/File Photo)<\/strong><\/p>\n\n\n\n<p>O an\u00fancio informa que a remunera\u00e7\u00e3o de mais de 140 milh\u00f5es de d\u00f3lares, que seria paga a Ghosn durante sua aposentadoria, teria sido omitida dos relat\u00f3rios financeiros da Nissan.<\/p>\n\n\n\n<p>A Comiss\u00e3o disse que Ghosn chegou a um acordo sem admitir ou negar se as acusa\u00e7\u00f5es contra ele eram verdadeiras ou n\u00e3o.<\/p>\n\n\n\n<p>No Jap\u00e3o, Ghosn enfrenta acusa\u00e7\u00f5es semelhantes, mas j\u00e1 se manifestou negando as afirma\u00e7\u00f5es.<\/p>\n","protected":false},"excerpt":{"rendered":"<p>A Comiss\u00e3o de T\u00edtulos e C\u00e2mbio dos Estados Unidos afirmou que o ex-chefe do conselho de administra\u00e7\u00e3o da Nissan Motor, o brasileiro Carlos Ghosn, concordou&hellip; <\/p>\n","protected":false},"author":1,"featured_media":119444,"comment_status":"closed","ping_status":"closed","sticky":false,"template":"","format":"standard","meta":{"sfsi_plus_gutenberg_text_before_share":"","sfsi_plus_gutenberg_show_text_before_share":"","sfsi_plus_gutenberg_icon_type":"","sfsi_plus_gutenberg_icon_alignemt":"","sfsi_plus_gutenburg_max_per_row":"","footnotes":""},"categories":[2],"tags":[],"class_list":["post-119442","post","type-post","status-publish","format-standard","has-post-thumbnail","hentry","category-geral"],"_links":{"self":[{"href":"https:\/\/www.caririemacao.com\/1\/wp-json\/wp\/v2\/posts\/119442","targetHints":{"allow":["GET"]}}],"collection":[{"href":"https:\/\/www.caririemacao.com\/1\/wp-json\/wp\/v2\/posts"}],"about":[{"href":"https:\/\/www.caririemacao.com\/1\/wp-json\/wp\/v2\/types\/post"}],"author":[{"embeddable":true,"href":"https:\/\/www.caririemacao.com\/1\/wp-json\/wp\/v2\/users\/1"}],"replies":[{"embeddable":true,"href":"https:\/\/www.caririemacao.com\/1\/wp-json\/wp\/v2\/comments?post=119442"}],"version-history":[{"count":1,"href":"https:\/\/www.caririemacao.com\/1\/wp-json\/wp\/v2\/posts\/119442\/revisions"}],"predecessor-version":[{"id":119445,"href":"https:\/\/www.caririemacao.com\/1\/wp-json\/wp\/v2\/posts\/119442\/revisions\/119445"}],"wp:featuredmedia":[{"embeddable":true,"href":"https:\/\/www.caririemacao.com\/1\/wp-json\/wp\/v2\/media\/119444"}],"wp:attachment":[{"href":"https:\/\/www.caririemacao.com\/1\/wp-json\/wp\/v2\/media?parent=119442"}],"wp:term":[{"taxonomy":"category","embeddable":true,"href":"https:\/\/www.caririemacao.com\/1\/wp-json\/wp\/v2\/categories?post=119442"},{"taxonomy":"post_tag","embeddable":true,"href":"https:\/\/www.caririemacao.com\/1\/wp-json\/wp\/v2\/tags?post=119442"}],"curies":[{"name":"wp","href":"https:\/\/api.w.org\/{rel}","templated":true}]}}