{"id":119452,"date":"2019-09-24T08:22:09","date_gmt":"2019-09-24T11:22:09","guid":{"rendered":"http:\/\/www.caririemacao.com\/1\/?p=119452"},"modified":"2019-09-24T08:22:09","modified_gmt":"2019-09-24T11:22:09","slug":"adolescente-e-atropelado-por-veiculo-na-br-412","status":"publish","type":"post","link":"https:\/\/www.caririemacao.com\/1\/2019\/09\/24\/adolescente-e-atropelado-por-veiculo-na-br-412\/","title":{"rendered":"Adolescente \u00e9 atropelado por ve\u00edculo na BR 412"},"content":{"rendered":"\n<p>K. F. de 16 anos, mais conhecido com Pel\u00e9zim, foi atropelado por um carro, o qual ainda n\u00e3o foi identificado, na \u00faltima segunda-feira(23\/09),  por  volta das 22h, na BR 412, pr\u00f3ximo ao Conjunto Habitacional Sebasti\u00e3o Vitorino, em Sum\u00e9.A v\u00edtima estava em uma bicicleta quando um carro bateu na traseira.<\/p>\n\n\n\n<p>Inicialmente o adolescente  foi atendido pelo SAMU,ainda no local do acidente, posteriormente  socorrido ao Hospital e Maternidade Alice de Almeida, em Sum\u00e9,  e em seguida foi transferido para Hospital de Trauma em Campina Grande.<\/p>\n\n\n\n<p>At\u00e9 o fechamento dessa mat\u00e9ria  n\u00e3o tibemos mais informa\u00e7\u00f5es sobre o quatro de sa\u00fade do mesmo.<\/p>\n\n\n\n<p>Not\u00edcia em Destaque <\/p>\n","protected":false},"excerpt":{"rendered":"<p>K. F. de 16 anos, mais conhecido com Pel\u00e9zim, foi atropelado por um carro, o qual ainda n\u00e3o foi identificado, na \u00faltima segunda-feira(23\/09), por volta&hellip; <\/p>\n","protected":false},"author":1,"featured_media":119454,"comment_status":"closed","ping_status":"closed","sticky":false,"template":"","format":"standard","meta":{"sfsi_plus_gutenberg_text_before_share":"","sfsi_plus_gutenberg_show_text_before_share":"","sfsi_plus_gutenberg_icon_type":"","sfsi_plus_gutenberg_icon_alignemt":"","sfsi_plus_gutenburg_max_per_row":"","footnotes":""},"categories":[50,12],"tags":[],"class_list":["post-119452","post","type-post","status-publish","format-standard","has-post-thumbnail","hentry","category-destaque","category-policia"],"_links":{"self":[{"href":"https:\/\/www.caririemacao.com\/1\/wp-json\/wp\/v2\/posts\/119452","targetHints":{"allow":["GET"]}}],"collection":[{"href":"https:\/\/www.caririemacao.com\/1\/wp-json\/wp\/v2\/posts"}],"about":[{"href":"https:\/\/www.caririemacao.com\/1\/wp-json\/wp\/v2\/types\/post"}],"author":[{"embeddable":true,"href":"https:\/\/www.caririemacao.com\/1\/wp-json\/wp\/v2\/users\/1"}],"replies":[{"embeddable":true,"href":"https:\/\/www.caririemacao.com\/1\/wp-json\/wp\/v2\/comments?post=119452"}],"version-history":[{"count":1,"href":"https:\/\/www.caririemacao.com\/1\/wp-json\/wp\/v2\/posts\/119452\/revisions"}],"predecessor-version":[{"id":119455,"href":"https:\/\/www.caririemacao.com\/1\/wp-json\/wp\/v2\/posts\/119452\/revisions\/119455"}],"wp:featuredmedia":[{"embeddable":true,"href":"https:\/\/www.caririemacao.com\/1\/wp-json\/wp\/v2\/media\/119454"}],"wp:attachment":[{"href":"https:\/\/www.caririemacao.com\/1\/wp-json\/wp\/v2\/media?parent=119452"}],"wp:term":[{"taxonomy":"category","embeddable":true,"href":"https:\/\/www.caririemacao.com\/1\/wp-json\/wp\/v2\/categories?post=119452"},{"taxonomy":"post_tag","embeddable":true,"href":"https:\/\/www.caririemacao.com\/1\/wp-json\/wp\/v2\/tags?post=119452"}],"curies":[{"name":"wp","href":"https:\/\/api.w.org\/{rel}","templated":true}]}}