{"id":119514,"date":"2019-09-24T08:34:44","date_gmt":"2019-09-24T11:34:44","guid":{"rendered":"http:\/\/www.caririemacao.com\/1\/?p=119514"},"modified":"2019-09-24T08:34:44","modified_gmt":"2019-09-24T11:34:44","slug":"bolsonaro-diz-que-vai-apresentar-ao-mundo-brasil-em-construcao","status":"publish","type":"post","link":"https:\/\/www.caririemacao.com\/1\/2019\/09\/24\/bolsonaro-diz-que-vai-apresentar-ao-mundo-brasil-em-construcao\/","title":{"rendered":"Bolsonaro diz que vai apresentar ao mundo Brasil em constru\u00e7\u00e3o"},"content":{"rendered":"\n<p>O presidente Jair Bolsonaro chegou&nbsp;na tarde desta segunda-feira&nbsp;(23) a&nbsp;Nova York, nos Estados Unidos, onde participar\u00e1 da abertura da&nbsp;74\u00aa Assembleia Geral das Na\u00e7\u00f5es Unidas (ONU).<\/p>\n\n\n\n<p>Por volta das 19h30, o presidente chegou ao hotel onde cumprimentou ministros e diplomatas brasileiros. Nesta&nbsp;ter\u00e7a-feira (24), Bolsonaro tem&nbsp;encontro confirmado com o secret\u00e1rio-geral da ONU, Ant\u00f3nio Guterres, poucos minutos antes de seu pronunciamento na Assembleia Geral.&nbsp;Tradicionalmente, cabe ao presidente do Brasil fazer o discurso de abertura, seguido do presidente dos Estados Unidos.<\/p>\n\n\n\n<p>Pelas redes sociais, o presidente disse que no discurso ser\u00e1 \u201ca oportunidade de apresentar ao mundo o Brasil que estamos construindo\u201d. N\u00e3o est\u00e3o previstos encontros bilaterais com outros chefes de Estado. A agenda inclui, segundo o Pal\u00e1cio do Planalto,&nbsp;um encontro com o ex-prefeito de Nova York, Rudolph Giuliani.<\/p>\n\n\n\n<figure class=\"wp-block-image\"><a href=\"https:\/\/twitter.com\/jairbolsonaro\"><img decoding=\"async\" data-src=\"https:\/\/pbs.twimg.com\/profile_images\/1057631480459886595\/9VPdGJJz_bigger.jpg\" alt=\"\" src=\"data:image\/svg+xml;base64,PHN2ZyB3aWR0aD0iMSIgaGVpZ2h0PSIxIiB4bWxucz0iaHR0cDovL3d3dy53My5vcmcvMjAwMC9zdmciPjwvc3ZnPg==\" class=\"lazyload\" \/><\/a><\/figure>\n\n\n\n<p><a href=\"https:\/\/twitter.com\/jairbolsonaro\"><strong>Jair M. Bolsonaro<\/strong><strong>&#x2714;<\/strong>@jairbolsonaro<\/a><a href=\"https:\/\/twitter.com\/jairbolsonaro\/status\/1176263904223272961\"><\/a><\/p>\n\n\n\n<p>&#8211; Chegada no hotel em Nova Iorque, cumprimentando nossos ministros de Estado e corpo diplom\u00e1tico brasileiro. Amanh\u00e3 abriremos a assembleia geral da ONU, onde teremos a oportunidade de apresentar ao mundo o Brasil que estamos construindo.<a href=\"https:\/\/twitter.com\/jairbolsonaro\/status\/1176263904223272961\"><\/a><a href=\"https:\/\/twitter.com\/intent\/like?tweet_id=1176263904223272961\">43,1&nbsp;mil<\/a><a href=\"https:\/\/twitter.com\/jairbolsonaro\/status\/1176263904223272961\">19:35 &#8211; 23 de set de 2019<\/a><a href=\"https:\/\/support.twitter.com\/articles\/20175256\">Informa\u00e7\u00f5es e privacidade no Twitter Ads<\/a><a href=\"https:\/\/twitter.com\/jairbolsonaro\/status\/1176263904223272961\">11,5&nbsp;mil pessoas est\u00e3o falando sobre isso<\/a><\/p>\n\n\n\n<p>A previs\u00e3o \u00e9&nbsp;que o presidente embarque de volta ao Brasil amanh\u00e3 \u00e0 noite, por volta das 21h45, e que chegue a&nbsp;Bras\u00edlia \u00e0s 7h30 de quarta-feira (25).<\/p>\n","protected":false},"excerpt":{"rendered":"<p>O presidente Jair Bolsonaro chegou&nbsp;na tarde desta segunda-feira&nbsp;(23) a&nbsp;Nova York, nos Estados Unidos, onde participar\u00e1 da abertura da&nbsp;74\u00aa Assembleia Geral das Na\u00e7\u00f5es Unidas (ONU). Por&hellip; <\/p>\n","protected":false},"author":1,"featured_media":110902,"comment_status":"closed","ping_status":"closed","sticky":false,"template":"","format":"standard","meta":{"sfsi_plus_gutenberg_text_before_share":"","sfsi_plus_gutenberg_show_text_before_share":"","sfsi_plus_gutenberg_icon_type":"","sfsi_plus_gutenberg_icon_alignemt":"","sfsi_plus_gutenburg_max_per_row":"","footnotes":""},"categories":[11],"tags":[],"class_list":["post-119514","post","type-post","status-publish","format-standard","has-post-thumbnail","hentry","category-politica"],"_links":{"self":[{"href":"https:\/\/www.caririemacao.com\/1\/wp-json\/wp\/v2\/posts\/119514","targetHints":{"allow":["GET"]}}],"collection":[{"href":"https:\/\/www.caririemacao.com\/1\/wp-json\/wp\/v2\/posts"}],"about":[{"href":"https:\/\/www.caririemacao.com\/1\/wp-json\/wp\/v2\/types\/post"}],"author":[{"embeddable":true,"href":"https:\/\/www.caririemacao.com\/1\/wp-json\/wp\/v2\/users\/1"}],"replies":[{"embeddable":true,"href":"https:\/\/www.caririemacao.com\/1\/wp-json\/wp\/v2\/comments?post=119514"}],"version-history":[{"count":1,"href":"https:\/\/www.caririemacao.com\/1\/wp-json\/wp\/v2\/posts\/119514\/revisions"}],"predecessor-version":[{"id":119516,"href":"https:\/\/www.caririemacao.com\/1\/wp-json\/wp\/v2\/posts\/119514\/revisions\/119516"}],"wp:featuredmedia":[{"embeddable":true,"href":"https:\/\/www.caririemacao.com\/1\/wp-json\/wp\/v2\/media\/110902"}],"wp:attachment":[{"href":"https:\/\/www.caririemacao.com\/1\/wp-json\/wp\/v2\/media?parent=119514"}],"wp:term":[{"taxonomy":"category","embeddable":true,"href":"https:\/\/www.caririemacao.com\/1\/wp-json\/wp\/v2\/categories?post=119514"},{"taxonomy":"post_tag","embeddable":true,"href":"https:\/\/www.caririemacao.com\/1\/wp-json\/wp\/v2\/tags?post=119514"}],"curies":[{"name":"wp","href":"https:\/\/api.w.org\/{rel}","templated":true}]}}