{"id":119558,"date":"2019-09-24T09:55:35","date_gmt":"2019-09-24T12:55:35","guid":{"rendered":"http:\/\/www.caririemacao.com\/1\/?p=119558"},"modified":"2019-09-24T09:55:35","modified_gmt":"2019-09-24T12:55:35","slug":"filme-rodado-na-paraiba-estreia-em-20-cidades-brasileiras","status":"publish","type":"post","link":"https:\/\/www.caririemacao.com\/1\/2019\/09\/24\/filme-rodado-na-paraiba-estreia-em-20-cidades-brasileiras\/","title":{"rendered":"Filme rodado na Para\u00edba estreia em 20 cidades brasileiras"},"content":{"rendered":"\n<p>O filme &#8220;Ambiente Familiar&#8221;, dirigido pelo paraibano Torquato Joel, natural da cidade de Sousa,&nbsp;estreia nesta quinta-feira (26), em 20 cidades brasileiras. Apesar de ter sido rodado em cinco cidades paraibanas, nenhuma sala de cinema da Para\u00edba exibir\u00e1 o longa-metragem.<\/p>\n\n\n\n<p>O longa-metragem foi rodado em v\u00e1rias cidades da Para\u00edba, como Jo\u00e3o Pessoa, Cabedelo, Conde (Tambaba e Tabatinga), Guarabira e Bananeiras, por\u00e9m ser\u00e1 exibido apenas no Rio de Janeiro, S\u00e3o Paulo, Bras\u00edlia, Salvador, Porto Alegre, Recife, Fortaleza, Bras\u00edlia, Belo Horizonte, Curitiba, Natal, Macei\u00f3, Aracaju, Campo Grande, Cuiab\u00e1, Londrina, Santos, S\u00e3o Jos\u00e9 dos Campos, Vit\u00f3ria e Ribeir\u00e3o Preto.<\/p>\n\n\n\n<figure><iframe data-src=\"https:\/\/www.youtube.com\/embed\/JEEgqm66FGM\" allowfullscreen=\"\" src=\"data:image\/svg+xml;base64,PHN2ZyB3aWR0aD0iMSIgaGVpZ2h0PSIxIiB4bWxucz0iaHR0cDovL3d3dy53My5vcmcvMjAwMC9zdmciPjwvc3ZnPg==\" class=\"lazyload\" data-load-mode=\"1\"><\/iframe><\/figure>\n\n\n\n<p>O filme foi patrocinado pelo Edital Walfredo Rodriguez, da Prefeitura Municipal de Jo\u00e3o Pessoa (PMJP) por meio de sua Funda\u00e7\u00e3o Cultural (Funjope).<\/p>\n\n\n\n<p>Primeiro longa-metragem de Torquato Joel, tamb\u00e9m autor do roteiro, \u201cAmbiente Familiar\u201d discute o conceito de fam\u00edlia a partir da hist\u00f3ria de Alex, Fagner e Di\u00f3genes, tr\u00eas amigos que moram juntos, mas a rela\u00e7\u00e3o entre eles vai muito al\u00e9m de uma mera divis\u00e3o de despesas da casa. Eles forjam uma nova ordem familiar no esfor\u00e7o para superar os impactos vividos nas pobrezas afetivas e sociais de suas inf\u00e2ncias.<\/p>\n\n\n\n<figure class=\"wp-block-image\"><img decoding=\"async\" data-src=\"https:\/\/www.clickpb.com.br\/media\/filer_public\/6e\/04\/6e04c63b-5240-4241-95a0-b06bb3cef38b\/ambiente_familiar.png\" alt=\"\" src=\"data:image\/svg+xml;base64,PHN2ZyB3aWR0aD0iMSIgaGVpZ2h0PSIxIiB4bWxucz0iaHR0cDovL3d3dy53My5vcmcvMjAwMC9zdmciPjwvc3ZnPg==\" class=\"lazyload\" \/><\/figure>\n\n\n\n<p>Com Alex Oliveira, Fagner Costa e Di\u00f3genes Duque como protagonistas, \u201cAmbiente Familiar\u201d tem ainda no elenco Marc\u00e9lia Cartaxo, Matheus Henrique, Luiz Henrique Silva, Joaquim Lucena Viana, Zezita Matos, Kassandra Brand\u00e3o, Ver\u00f4nica Cavalcante, Fernando Teixeira, Soia Lira e Cely Farias.<\/p>\n\n\n\n<p>A produ\u00e7\u00e3o executiva \u00e9 Nina Rosa e Metilde Alves para a Extrato de Cinema. A dire\u00e7\u00e3o de fotografia \u00e9 de Beto Martins, a dire\u00e7\u00e3o de som de L\u00e9o Bortolin, dire\u00e7\u00e3o de arte, figurino e visagismo de Romero Sousa, dire\u00e7\u00e3o de anima\u00e7\u00e3o de Jo\u00e3o M\u00e1rio T. Ara\u00fajo, montagem de Diego Benevides e produ\u00e7\u00e3o executiva de Nina Rosa e Metilde Alves.<\/p>\n\n\n\n<figure class=\"wp-block-image\"><img decoding=\"async\" data-src=\"https:\/\/www.clickpb.com.br\/media\/filer_public\/00\/3f\/003f75d5-d369-40d1-9a67-f009d8f966c7\/ambiente_familiar2.png\" alt=\"\" src=\"data:image\/svg+xml;base64,PHN2ZyB3aWR0aD0iMSIgaGVpZ2h0PSIxIiB4bWxucz0iaHR0cDovL3d3dy53My5vcmcvMjAwMC9zdmciPjwvc3ZnPg==\" class=\"lazyload\" \/><\/figure>\n\n\n\n<p><strong>&nbsp;O diretor&nbsp;<\/strong><\/p>\n\n\n\n<p>Jornalista formado pela Universidade Federal da Para\u00edba(UFPB), Torquato Joel estudou cinema na Association Varan de Paris (Fran\u00e7a) e no Atelier de Cinema Direto da UFPB. Realizou \u201cPassadouro\u201d, \u201cTransubstancial\u201d e \u00c0 Margem da Luz\u201d, dentre outros curtas-metragens. Alguns de seus filmes foram premiados em festivais nacionais e outros foram selecionados para festivais internacionais como Roterd\u00e3 (Holanda) e Huesca (Espanha). Foi editor do fanzine de cinema \u201cA Tela Demon\u00edaca\u201d.<\/p>\n\n\n\n<p><strong>Investimento no audiovisual&nbsp;<\/strong><\/p>\n\n\n\n<p>A Prefeitura Municipal de Jo\u00e3o Pessoa (PMJP), por meio de sua Funda\u00e7\u00e3o Cultural (Funjope), vem investindo cada vez mais no audiovisual. No total, j\u00e1 foram produzidos pelo Edital Walfredo Rodriguez 45 filmes, entre longas, telefilmes, medias e curtas-metragens, com investimentos de R$ 7.975.000, somando os tr\u00eas editais j\u00e1 lan\u00e7ados.<\/p>\n\n\n\n<p>De acordo com o diretor Torquato Joel, o Edital Walfredo Rodriguez \u00e9 hoje o grande incentivador da produ\u00e7\u00e3o de cinema na Para\u00edba. \u201cO Walfredo Rodriguez vem qualificando e profissionalizando o nosso cinema. Em pouco tempo de exist\u00eancia do Edital, a produ\u00e7\u00e3o tem conquistado respeito e admira\u00e7\u00e3o com premia\u00e7\u00f5es em importantes festivais no Brasil e no exterior. Com o Edital, o nosso cinema leva a cultura, as paisagens e a imagem do povo paraibano para muito al\u00e9m do nosso territ\u00f3rio. Lament\u00e1vel \u00e9 n\u00e3o termos um edital estadual para estimular a produ\u00e7\u00e3o fora da Grande Jo\u00e3o Pessoa\u201d.<\/p>\n","protected":false},"excerpt":{"rendered":"<p>O filme &#8220;Ambiente Familiar&#8221;, dirigido pelo paraibano Torquato Joel, natural da cidade de Sousa,&nbsp;estreia nesta quinta-feira (26), em 20 cidades brasileiras. Apesar de ter sido&hellip; <\/p>\n","protected":false},"author":1,"featured_media":119560,"comment_status":"closed","ping_status":"closed","sticky":false,"template":"","format":"standard","meta":{"sfsi_plus_gutenberg_text_before_share":"","sfsi_plus_gutenberg_show_text_before_share":"","sfsi_plus_gutenberg_icon_type":"","sfsi_plus_gutenberg_icon_alignemt":"","sfsi_plus_gutenburg_max_per_row":"","footnotes":""},"categories":[2],"tags":[],"class_list":["post-119558","post","type-post","status-publish","format-standard","has-post-thumbnail","hentry","category-geral"],"_links":{"self":[{"href":"https:\/\/www.caririemacao.com\/1\/wp-json\/wp\/v2\/posts\/119558","targetHints":{"allow":["GET"]}}],"collection":[{"href":"https:\/\/www.caririemacao.com\/1\/wp-json\/wp\/v2\/posts"}],"about":[{"href":"https:\/\/www.caririemacao.com\/1\/wp-json\/wp\/v2\/types\/post"}],"author":[{"embeddable":true,"href":"https:\/\/www.caririemacao.com\/1\/wp-json\/wp\/v2\/users\/1"}],"replies":[{"embeddable":true,"href":"https:\/\/www.caririemacao.com\/1\/wp-json\/wp\/v2\/comments?post=119558"}],"version-history":[{"count":1,"href":"https:\/\/www.caririemacao.com\/1\/wp-json\/wp\/v2\/posts\/119558\/revisions"}],"predecessor-version":[{"id":119561,"href":"https:\/\/www.caririemacao.com\/1\/wp-json\/wp\/v2\/posts\/119558\/revisions\/119561"}],"wp:featuredmedia":[{"embeddable":true,"href":"https:\/\/www.caririemacao.com\/1\/wp-json\/wp\/v2\/media\/119560"}],"wp:attachment":[{"href":"https:\/\/www.caririemacao.com\/1\/wp-json\/wp\/v2\/media?parent=119558"}],"wp:term":[{"taxonomy":"category","embeddable":true,"href":"https:\/\/www.caririemacao.com\/1\/wp-json\/wp\/v2\/categories?post=119558"},{"taxonomy":"post_tag","embeddable":true,"href":"https:\/\/www.caririemacao.com\/1\/wp-json\/wp\/v2\/tags?post=119558"}],"curies":[{"name":"wp","href":"https:\/\/api.w.org\/{rel}","templated":true}]}}