{"id":119572,"date":"2019-09-24T10:02:14","date_gmt":"2019-09-24T13:02:14","guid":{"rendered":"http:\/\/www.caririemacao.com\/1\/?p=119572"},"modified":"2019-09-24T10:02:14","modified_gmt":"2019-09-24T13:02:14","slug":"copom-diz-que-economia-deve-crescer-ligeiramente-no-terceiro-trimestre","status":"publish","type":"post","link":"https:\/\/www.caririemacao.com\/1\/2019\/09\/24\/copom-diz-que-economia-deve-crescer-ligeiramente-no-terceiro-trimestre\/","title":{"rendered":"Copom diz que economia deve crescer ligeiramente no terceiro trimestre"},"content":{"rendered":"\n<p>Ap\u00f3s expans\u00e3o acima do esperado no segundo trimestre, o Comit\u00ea de Pol\u00edtica Monet\u00e1ria (Copom) do Banco Central (BC) estima que a economia deve apresentar&nbsp;<a href=\"http:\/\/agenciabrasil.ebc.com.br\/economia\/noticia\/2019-08\/economistas-se-surpreendem-com-resultado-do-pib-mas-mantem-cautela\" target=\"_blank\" rel=\"noreferrer noopener\">ligeiro crescimento no terceiro trimestre<\/a>. Essa \u00e9 a conclus\u00e3o do Copom, na ata da \u00faltima reuni\u00e3o, divulgada hoje (24).<\/p>\n\n\n\n<p>\u201cOs trimestres seguintes devem apresentar alguma acelera\u00e7\u00e3o, que deve ser refor\u00e7ada pelos est\u00edmulos decorrentes da libera\u00e7\u00e3o de recursos do FGTS e PIS-PASEP \u2013 com impacto, em especial, no \u00faltimo trimestre de 2019\u201d, disse o comit\u00ea. Ao excluir os efeitos desses est\u00edmulos tempor\u00e1rios, o Copom acredita que o crescimento da economia ser\u00e1 gradual.<\/p>\n\n\n\n<p>Na \u00faltima quarta-feira (18), o Copom decidiu reduzir a&nbsp;<a href=\"http:\/\/agenciabrasil.ebc.com.br\/economia\/noticia\/2019-09\/copom-reduz-selic-para-55-ao-ano\" target=\"_blank\" rel=\"noreferrer noopener\">Selic<\/a>&nbsp;mais uma vez em 0,5 ponto percentual, para 5,5% ao ano.<\/p>\n\n\n\n<h2 class=\"wp-block-heading\">Ajuste adicional<\/h2>\n\n\n\n<p>No documento divulgado hoje, o Copom indica que a \u201cconsolida\u00e7\u00e3o do cen\u00e1rio benigno para a infla\u00e7\u00e3o prospectiva dever\u00e1 permitir ajuste adicional\u201d na taxa Selic. Entretanto, o comit\u00ea destacou que os pr\u00f3ximos passos na defini\u00e7\u00e3o da Selic \u201ccontinuar\u00e3o dependendo da evolu\u00e7\u00e3o da atividade econ\u00f4mica, do balan\u00e7o de riscos e das proje\u00e7\u00f5es e expectativas de infla\u00e7\u00e3o\u201d.<\/p>\n\n\n\n<p>Segundo o comit\u00ea, as proje\u00e7\u00f5es de curto prazo do mercado financeiro indicam que a infla\u00e7\u00e3o acumulada em 12 meses deve recuar nos pr\u00f3ximos meses e retornar, ao final do ano, para n\u00edveis pr\u00f3ximos aos observados at\u00e9 agosto. \u201cEssa trajet\u00f3ria de curto prazo reflete, dentre outros fatores, comportamento benigno de alguns componentes mais vol\u00e1teis da infla\u00e7\u00e3o e din\u00e2mica da infla\u00e7\u00e3o importada, cujos vetores altistas t\u00eam sido moderados pela trajet\u00f3ria de pre\u00e7os externos\u201d. E a previs\u00e3o para a infla\u00e7\u00e3o em 2020 est\u00e1 abaixo da meta de 4%.<\/p>\n\n\n\n<p>No cen\u00e1rio com trajet\u00f3rias para a taxa de juros em 5% ao ano no fim de 2019 e c\u00e2mbio em R$ 3,90, e manuten\u00e7\u00e3o desses patamares em 2020, a infla\u00e7\u00e3o deve ficar em 3,3% em 2019 e 3,6% no pr\u00f3ximo ano.<\/p>\n\n\n\n<h2 class=\"wp-block-heading\">Reformas<\/h2>\n\n\n\n<p>Na ata, o Copom reiterou \u201ca import\u00e2ncia de continuidade da agenda de reformas e de perseveran\u00e7a nos ajustes necess\u00e1rios na economia brasileira\u201d. \u201cAvaliaram tamb\u00e9m que, n\u00e3o obstante o cen\u00e1rio externo ter se mantido relativamente favor\u00e1vel para a condu\u00e7\u00e3o da pol\u00edtica monet\u00e1ria em economias emergentes, o risco de cen\u00e1rios adversos para ativos de risco parece ter se intensificado\u201d, acrescentou.<\/p>\n","protected":false},"excerpt":{"rendered":"<p>Ap\u00f3s expans\u00e3o acima do esperado no segundo trimestre, o Comit\u00ea de Pol\u00edtica Monet\u00e1ria (Copom) do Banco Central (BC) estima que a economia deve apresentar&nbsp;ligeiro crescimento&hellip; <\/p>\n","protected":false},"author":1,"featured_media":111924,"comment_status":"closed","ping_status":"closed","sticky":false,"template":"","format":"standard","meta":{"sfsi_plus_gutenberg_text_before_share":"","sfsi_plus_gutenberg_show_text_before_share":"","sfsi_plus_gutenberg_icon_type":"","sfsi_plus_gutenberg_icon_alignemt":"","sfsi_plus_gutenburg_max_per_row":"","footnotes":""},"categories":[2],"tags":[],"class_list":["post-119572","post","type-post","status-publish","format-standard","has-post-thumbnail","hentry","category-geral"],"_links":{"self":[{"href":"https:\/\/www.caririemacao.com\/1\/wp-json\/wp\/v2\/posts\/119572","targetHints":{"allow":["GET"]}}],"collection":[{"href":"https:\/\/www.caririemacao.com\/1\/wp-json\/wp\/v2\/posts"}],"about":[{"href":"https:\/\/www.caririemacao.com\/1\/wp-json\/wp\/v2\/types\/post"}],"author":[{"embeddable":true,"href":"https:\/\/www.caririemacao.com\/1\/wp-json\/wp\/v2\/users\/1"}],"replies":[{"embeddable":true,"href":"https:\/\/www.caririemacao.com\/1\/wp-json\/wp\/v2\/comments?post=119572"}],"version-history":[{"count":1,"href":"https:\/\/www.caririemacao.com\/1\/wp-json\/wp\/v2\/posts\/119572\/revisions"}],"predecessor-version":[{"id":119576,"href":"https:\/\/www.caririemacao.com\/1\/wp-json\/wp\/v2\/posts\/119572\/revisions\/119576"}],"wp:featuredmedia":[{"embeddable":true,"href":"https:\/\/www.caririemacao.com\/1\/wp-json\/wp\/v2\/media\/111924"}],"wp:attachment":[{"href":"https:\/\/www.caririemacao.com\/1\/wp-json\/wp\/v2\/media?parent=119572"}],"wp:term":[{"taxonomy":"category","embeddable":true,"href":"https:\/\/www.caririemacao.com\/1\/wp-json\/wp\/v2\/categories?post=119572"},{"taxonomy":"post_tag","embeddable":true,"href":"https:\/\/www.caririemacao.com\/1\/wp-json\/wp\/v2\/tags?post=119572"}],"curies":[{"name":"wp","href":"https:\/\/api.w.org\/{rel}","templated":true}]}}