{"id":119596,"date":"2019-09-24T10:10:40","date_gmt":"2019-09-24T13:10:40","guid":{"rendered":"http:\/\/www.caririemacao.com\/1\/?p=119596"},"modified":"2019-09-24T10:10:40","modified_gmt":"2019-09-24T13:10:40","slug":"confianca-do-comercio-recua-15-ponto-em-setembro-diz-fgv","status":"publish","type":"post","link":"https:\/\/www.caririemacao.com\/1\/2019\/09\/24\/confianca-do-comercio-recua-15-ponto-em-setembro-diz-fgv\/","title":{"rendered":"Confian\u00e7a do com\u00e9rcio recua 1,5 ponto em setembro, diz FGV"},"content":{"rendered":"\n<p>O \u00cdndice de Confian\u00e7a do Com\u00e9rcio, medido pela Funda\u00e7\u00e3o Getulio Vargas (FGV), recuou 1,5 ponto de agosto para setembro deste ano. Com o resultado, o indicador caiu para 97,2 pontos, em uma escala de zero a 200 pontos.<\/p>\n\n\n\n<p>A confian\u00e7a dos empres\u00e1rios caiu em oito dos 13 segmentos do com\u00e9rcio pesquisados. A piora do \u00edndice foi provocada pelo recuo do \u00cdndice de Situa\u00e7\u00e3o Atual, que mede a confian\u00e7a no momento presente e que caiu 3,6 pontos, passando para 92,1 pontos, depois de duas altas consecutivas.<\/p>\n\n\n\n<p>J\u00e1 o \u00cdndice de Expectativas, que mede a confian\u00e7a dos empres\u00e1rios no futuro, avan\u00e7ou 0,7 ponto e atingiu 102,5 pontos.<\/p>\n\n\n\n<p>De acordo com o pesquisador da FGV, a expectativa para os pr\u00f3ximos meses \u00e9 de recupera\u00e7\u00e3o gradual do setor, impulsionada pela libera\u00e7\u00e3o dos recursos do FGTS e pelas melhoras, ainda que moderadas, da confian\u00e7a dos consumidores e do mercado de trabalho.<\/p>\n\n\n\n<p>Apesar do resultado negativo de setembro, a m\u00e9dia do \u00edndice de confian\u00e7a no terceiro trimestre ficou 3,3 pontos acima do segundo trimestre. A m\u00e9dia m\u00f3vel trimestral subiu 1,3 ponto.<\/p>\n","protected":false},"excerpt":{"rendered":"<p>O \u00cdndice de Confian\u00e7a do Com\u00e9rcio, medido pela Funda\u00e7\u00e3o Getulio Vargas (FGV), recuou 1,5 ponto de agosto para setembro deste ano. Com o resultado, o&hellip; <\/p>\n","protected":false},"author":1,"featured_media":102916,"comment_status":"closed","ping_status":"closed","sticky":false,"template":"","format":"standard","meta":{"sfsi_plus_gutenberg_text_before_share":"","sfsi_plus_gutenberg_show_text_before_share":"","sfsi_plus_gutenberg_icon_type":"","sfsi_plus_gutenberg_icon_alignemt":"","sfsi_plus_gutenburg_max_per_row":"","footnotes":""},"categories":[6],"tags":[],"class_list":["post-119596","post","type-post","status-publish","format-standard","has-post-thumbnail","hentry","category-cidades"],"_links":{"self":[{"href":"https:\/\/www.caririemacao.com\/1\/wp-json\/wp\/v2\/posts\/119596","targetHints":{"allow":["GET"]}}],"collection":[{"href":"https:\/\/www.caririemacao.com\/1\/wp-json\/wp\/v2\/posts"}],"about":[{"href":"https:\/\/www.caririemacao.com\/1\/wp-json\/wp\/v2\/types\/post"}],"author":[{"embeddable":true,"href":"https:\/\/www.caririemacao.com\/1\/wp-json\/wp\/v2\/users\/1"}],"replies":[{"embeddable":true,"href":"https:\/\/www.caririemacao.com\/1\/wp-json\/wp\/v2\/comments?post=119596"}],"version-history":[{"count":1,"href":"https:\/\/www.caririemacao.com\/1\/wp-json\/wp\/v2\/posts\/119596\/revisions"}],"predecessor-version":[{"id":119598,"href":"https:\/\/www.caririemacao.com\/1\/wp-json\/wp\/v2\/posts\/119596\/revisions\/119598"}],"wp:featuredmedia":[{"embeddable":true,"href":"https:\/\/www.caririemacao.com\/1\/wp-json\/wp\/v2\/media\/102916"}],"wp:attachment":[{"href":"https:\/\/www.caririemacao.com\/1\/wp-json\/wp\/v2\/media?parent=119596"}],"wp:term":[{"taxonomy":"category","embeddable":true,"href":"https:\/\/www.caririemacao.com\/1\/wp-json\/wp\/v2\/categories?post=119596"},{"taxonomy":"post_tag","embeddable":true,"href":"https:\/\/www.caririemacao.com\/1\/wp-json\/wp\/v2\/tags?post=119596"}],"curies":[{"name":"wp","href":"https:\/\/api.w.org\/{rel}","templated":true}]}}