{"id":119652,"date":"2019-09-24T10:57:18","date_gmt":"2019-09-24T13:57:18","guid":{"rendered":"http:\/\/www.caririemacao.com\/1\/?p=119652"},"modified":"2019-09-24T10:57:18","modified_gmt":"2019-09-24T13:57:18","slug":"governador-do-rio-modifica-regras-de-gratificacao-a-policiais","status":"publish","type":"post","link":"https:\/\/www.caririemacao.com\/1\/2019\/09\/24\/governador-do-rio-modifica-regras-de-gratificacao-a-policiais\/","title":{"rendered":"Governador do Rio modifica regras de gratifica\u00e7\u00e3o a policiais"},"content":{"rendered":"\n<p>O governador do Rio de Janeiro, Wilson Witzel, publicou hoje (24) um decreto que modifica as regras para concess\u00e3o de gratifica\u00e7\u00e3o a policiais por redu\u00e7\u00e3o de indicadores de criminalidade no Rio de Janeiro. O novo decreto deixa de considerar a redu\u00e7\u00e3o dos homic\u00eddios decorrentes de interven\u00e7\u00e3o policial como uma meta estrat\u00e9gica para a concess\u00e3o da gratifica\u00e7\u00e3o.<\/p>\n\n\n\n<p>O decreto mant\u00e9m apenas os homic\u00eddios dolosos, latroc\u00ednios (roubos seguidos de morte) e les\u00f5es corporais seguidas de morte entre as metas de redu\u00e7\u00e3o de letalidade violenta.<\/p>\n\n\n\n<p>Com a mudan\u00e7a no texto, n\u00e3o h\u00e1 mais a necessidade de se reduzir as mortes provocadas pela pol\u00edcia para que a gratifica\u00e7\u00e3o seja recebida.<\/p>\n\n\n\n<p>O novo decreto foi publicado menos de uma semana depois da morte da menina \u00c1gatha F\u00e9lix, de oito anos, durante uma opera\u00e7\u00e3o policial no Complexo do Alem\u00e3o, na zona norte da cidade do Rio de Janeiro, na \u00faltima sexta-feira (24). A Pol\u00edcia Civil investiga se o tiro foi disparado por policiais militares e se havia confronto no momento do disparo.<\/p>\n\n\n\n<p>Al\u00e9m de retirar os homic\u00eddios decorrentes de interven\u00e7\u00e3o policial do texto, o novo decreto inclui a redu\u00e7\u00e3o do roubo de cargas como meta, ao lado dos roubos de ve\u00edculos e roubos de rua.<\/p>\n","protected":false},"excerpt":{"rendered":"<p>O governador do Rio de Janeiro, Wilson Witzel, publicou hoje (24) um decreto que modifica as regras para concess\u00e3o de gratifica\u00e7\u00e3o a policiais por redu\u00e7\u00e3o&hellip; <\/p>\n","protected":false},"author":1,"featured_media":102896,"comment_status":"closed","ping_status":"closed","sticky":false,"template":"","format":"standard","meta":{"sfsi_plus_gutenberg_text_before_share":"","sfsi_plus_gutenberg_show_text_before_share":"","sfsi_plus_gutenberg_icon_type":"","sfsi_plus_gutenberg_icon_alignemt":"","sfsi_plus_gutenburg_max_per_row":"","footnotes":""},"categories":[12],"tags":[],"class_list":["post-119652","post","type-post","status-publish","format-standard","has-post-thumbnail","hentry","category-policia"],"_links":{"self":[{"href":"https:\/\/www.caririemacao.com\/1\/wp-json\/wp\/v2\/posts\/119652","targetHints":{"allow":["GET"]}}],"collection":[{"href":"https:\/\/www.caririemacao.com\/1\/wp-json\/wp\/v2\/posts"}],"about":[{"href":"https:\/\/www.caririemacao.com\/1\/wp-json\/wp\/v2\/types\/post"}],"author":[{"embeddable":true,"href":"https:\/\/www.caririemacao.com\/1\/wp-json\/wp\/v2\/users\/1"}],"replies":[{"embeddable":true,"href":"https:\/\/www.caririemacao.com\/1\/wp-json\/wp\/v2\/comments?post=119652"}],"version-history":[{"count":1,"href":"https:\/\/www.caririemacao.com\/1\/wp-json\/wp\/v2\/posts\/119652\/revisions"}],"predecessor-version":[{"id":119653,"href":"https:\/\/www.caririemacao.com\/1\/wp-json\/wp\/v2\/posts\/119652\/revisions\/119653"}],"wp:featuredmedia":[{"embeddable":true,"href":"https:\/\/www.caririemacao.com\/1\/wp-json\/wp\/v2\/media\/102896"}],"wp:attachment":[{"href":"https:\/\/www.caririemacao.com\/1\/wp-json\/wp\/v2\/media?parent=119652"}],"wp:term":[{"taxonomy":"category","embeddable":true,"href":"https:\/\/www.caririemacao.com\/1\/wp-json\/wp\/v2\/categories?post=119652"},{"taxonomy":"post_tag","embeddable":true,"href":"https:\/\/www.caririemacao.com\/1\/wp-json\/wp\/v2\/tags?post=119652"}],"curies":[{"name":"wp","href":"https:\/\/api.w.org\/{rel}","templated":true}]}}