{"id":119676,"date":"2019-09-24T12:05:24","date_gmt":"2019-09-24T15:05:24","guid":{"rendered":"http:\/\/www.caririemacao.com\/1\/?p=119676"},"modified":"2019-09-24T12:05:24","modified_gmt":"2019-09-24T15:05:24","slug":"cec-educacional-tera-bercario-e-educacao-infantil-em-2020","status":"publish","type":"post","link":"https:\/\/www.caririemacao.com\/1\/2019\/09\/24\/cec-educacional-tera-bercario-e-educacao-infantil-em-2020\/","title":{"rendered":"CEC EDUCACIONAL ter\u00e1 ber\u00e7\u00e1rio e educa\u00e7\u00e3o infantil em 2020"},"content":{"rendered":"\n<p><strong>O CEC EDUCACIONAL&nbsp;<\/strong>continua crescendo e inovando e estar\u00e1 lan\u00e7ando v\u00e1rias novidades em 2020.<br>O professor C\u00edcero Roberto, diretor da institui\u00e7\u00e3o confirmou esta semana que em 2020 ser\u00e1 implantadas duas grandes novidades: o ber\u00e7\u00e1rio e a educa\u00e7\u00e3o infantil.<br>A confirma\u00e7\u00e3o foi realizada atrav\u00e9s das redes sociais, e segundo o professor C\u00edcero Roberto, o objetivo \u00e9 crescer cada vez mais, se gabaritando como uma das maiores institui\u00e7\u00f5es de ensino dos estados da Para\u00edba e Pernambuco.<br>\u201cVem muita novidade por a\u00ed, no ano de 2020 o CEC Educacional ser\u00e1 a um marco em educa\u00e7\u00e3o no Cariri. Vem realizar seu sonho com a gente\u201d, convidou o diretor C\u00edcero.<br>FACEC<br>Al\u00e9m desta grande novidade, recentemente, o diretor do CEC j\u00e1 havia confirmado a institui\u00e7\u00e3o da FACEC, a faculdade CEC, a 1\u00aa faculdade com DNA 100% monteirense.<br>F\u00c1BIO BRITO<\/p>\n","protected":false},"excerpt":{"rendered":"<p>O CEC EDUCACIONAL&nbsp;continua crescendo e inovando e estar\u00e1 lan\u00e7ando v\u00e1rias novidades em 2020.O professor C\u00edcero Roberto, diretor da institui\u00e7\u00e3o confirmou esta semana que em 2020&hellip; <\/p>\n","protected":false},"author":1,"featured_media":119678,"comment_status":"closed","ping_status":"closed","sticky":false,"template":"","format":"standard","meta":{"sfsi_plus_gutenberg_text_before_share":"","sfsi_plus_gutenberg_show_text_before_share":"","sfsi_plus_gutenberg_icon_type":"","sfsi_plus_gutenberg_icon_alignemt":"","sfsi_plus_gutenburg_max_per_row":"","footnotes":""},"categories":[14],"tags":[],"class_list":["post-119676","post","type-post","status-publish","format-standard","has-post-thumbnail","hentry","category-educacao"],"_links":{"self":[{"href":"https:\/\/www.caririemacao.com\/1\/wp-json\/wp\/v2\/posts\/119676","targetHints":{"allow":["GET"]}}],"collection":[{"href":"https:\/\/www.caririemacao.com\/1\/wp-json\/wp\/v2\/posts"}],"about":[{"href":"https:\/\/www.caririemacao.com\/1\/wp-json\/wp\/v2\/types\/post"}],"author":[{"embeddable":true,"href":"https:\/\/www.caririemacao.com\/1\/wp-json\/wp\/v2\/users\/1"}],"replies":[{"embeddable":true,"href":"https:\/\/www.caririemacao.com\/1\/wp-json\/wp\/v2\/comments?post=119676"}],"version-history":[{"count":1,"href":"https:\/\/www.caririemacao.com\/1\/wp-json\/wp\/v2\/posts\/119676\/revisions"}],"predecessor-version":[{"id":119679,"href":"https:\/\/www.caririemacao.com\/1\/wp-json\/wp\/v2\/posts\/119676\/revisions\/119679"}],"wp:featuredmedia":[{"embeddable":true,"href":"https:\/\/www.caririemacao.com\/1\/wp-json\/wp\/v2\/media\/119678"}],"wp:attachment":[{"href":"https:\/\/www.caririemacao.com\/1\/wp-json\/wp\/v2\/media?parent=119676"}],"wp:term":[{"taxonomy":"category","embeddable":true,"href":"https:\/\/www.caririemacao.com\/1\/wp-json\/wp\/v2\/categories?post=119676"},{"taxonomy":"post_tag","embeddable":true,"href":"https:\/\/www.caririemacao.com\/1\/wp-json\/wp\/v2\/tags?post=119676"}],"curies":[{"name":"wp","href":"https:\/\/api.w.org\/{rel}","templated":true}]}}