{"id":119690,"date":"2019-09-24T12:16:59","date_gmt":"2019-09-24T15:16:59","guid":{"rendered":"http:\/\/www.caririemacao.com\/1\/?p=119690"},"modified":"2019-09-24T12:16:59","modified_gmt":"2019-09-24T15:16:59","slug":"caraubas-conferencia-de-assistencia-social-debate-prioridades-nas-politicas-publicas","status":"publish","type":"post","link":"https:\/\/www.caririemacao.com\/1\/2019\/09\/24\/caraubas-conferencia-de-assistencia-social-debate-prioridades-nas-politicas-publicas\/","title":{"rendered":"CARA\u00daBAS: Confer\u00eancia de Assist\u00eancia Social debate prioridades nas Pol\u00edticas P\u00fablicas"},"content":{"rendered":"\n<p>O Conselho Municipal de Assist\u00eancia Social (CMAS), com apoio\nda Secretaria de Assist\u00eancia Social da Prefeitura de Cara\u00fabas\/PB, realizou a 6\u00aa\nConfer\u00eancia Municipal de Assist\u00eancia Social com o tema \u201cAssist\u00eancia Social:\nDireito do Povo, com Financiamento P\u00fablico e Participa\u00e7\u00e3o Social\u201d.<\/p>\n\n\n\n<p>O encontro foi na manh\u00e3 desta ter\u00e7a-feira, dia 24, no Centro\nde Conviv\u00eancia e Fortalecimento de V\u00ednculos, antigo Grupo Escolar.<\/p>\n\n\n\n<p>Segundo a secret\u00e1ria Flavinha, a confer\u00eancia foi aberta a\ntodo o p\u00fablico, em especial aos usu\u00e1rios dos programas assistenciais de\nCara\u00fabas, e teve como foco a avalia\u00e7\u00e3o da pol\u00edtica de assist\u00eancia social e a\nconstru\u00e7\u00e3o de diretrizes para aprimoramento do Sistema \u00danico de Assist\u00eancia\nSocial (SUAS). <\/p>\n\n\n\n<p>Foram colocados em pauta tanto programas a n\u00edvel governamental, como tamb\u00e9m, programas municipais a fim de debater e estabelecer prioridades nas Pol\u00edticas P\u00fablicas.<\/p>\n\n\n\n<figure class=\"wp-block-image\"><img fetchpriority=\"high\" decoding=\"async\" width=\"1024\" height=\"768\" src=\"http:\/\/www.caririemacao.com\/1\/wp-content\/uploads\/2019\/09\/WhatsApp-Image-2019-09-24-at-10.28.18-1024x768.jpeg\" alt=\"\" class=\"wp-image-119692\" srcset=\"https:\/\/www.caririemacao.com\/1\/wp-content\/uploads\/2019\/09\/WhatsApp-Image-2019-09-24-at-10.28.18-1024x768.jpeg 1024w, https:\/\/www.caririemacao.com\/1\/wp-content\/uploads\/2019\/09\/WhatsApp-Image-2019-09-24-at-10.28.18-300x225.jpeg 300w, https:\/\/www.caririemacao.com\/1\/wp-content\/uploads\/2019\/09\/WhatsApp-Image-2019-09-24-at-10.28.18-768x576.jpeg 768w, https:\/\/www.caririemacao.com\/1\/wp-content\/uploads\/2019\/09\/WhatsApp-Image-2019-09-24-at-10.28.18.jpeg 1280w\" sizes=\"(max-width: 1024px) 100vw, 1024px\" \/><\/figure>\n\n\n\n<p>Estiveram presentes, o prefeito Silvano Dudu, secret\u00e1rios,\nvereadores e popula\u00e7\u00e3o caraubense.<\/p>\n","protected":false},"excerpt":{"rendered":"<p>O Conselho Municipal de Assist\u00eancia Social (CMAS), com apoio da Secretaria de Assist\u00eancia Social da Prefeitura de Cara\u00fabas\/PB, realizou a 6\u00aa Confer\u00eancia Municipal de Assist\u00eancia&hellip; <\/p>\n","protected":false},"author":2,"featured_media":119691,"comment_status":"closed","ping_status":"closed","sticky":false,"template":"","format":"standard","meta":{"sfsi_plus_gutenberg_text_before_share":"","sfsi_plus_gutenberg_show_text_before_share":"","sfsi_plus_gutenberg_icon_type":"","sfsi_plus_gutenberg_icon_alignemt":"","sfsi_plus_gutenburg_max_per_row":"","footnotes":""},"categories":[6,50],"tags":[],"class_list":["post-119690","post","type-post","status-publish","format-standard","has-post-thumbnail","hentry","category-cidades","category-destaque"],"_links":{"self":[{"href":"https:\/\/www.caririemacao.com\/1\/wp-json\/wp\/v2\/posts\/119690","targetHints":{"allow":["GET"]}}],"collection":[{"href":"https:\/\/www.caririemacao.com\/1\/wp-json\/wp\/v2\/posts"}],"about":[{"href":"https:\/\/www.caririemacao.com\/1\/wp-json\/wp\/v2\/types\/post"}],"author":[{"embeddable":true,"href":"https:\/\/www.caririemacao.com\/1\/wp-json\/wp\/v2\/users\/2"}],"replies":[{"embeddable":true,"href":"https:\/\/www.caririemacao.com\/1\/wp-json\/wp\/v2\/comments?post=119690"}],"version-history":[{"count":1,"href":"https:\/\/www.caririemacao.com\/1\/wp-json\/wp\/v2\/posts\/119690\/revisions"}],"predecessor-version":[{"id":119693,"href":"https:\/\/www.caririemacao.com\/1\/wp-json\/wp\/v2\/posts\/119690\/revisions\/119693"}],"wp:featuredmedia":[{"embeddable":true,"href":"https:\/\/www.caririemacao.com\/1\/wp-json\/wp\/v2\/media\/119691"}],"wp:attachment":[{"href":"https:\/\/www.caririemacao.com\/1\/wp-json\/wp\/v2\/media?parent=119690"}],"wp:term":[{"taxonomy":"category","embeddable":true,"href":"https:\/\/www.caririemacao.com\/1\/wp-json\/wp\/v2\/categories?post=119690"},{"taxonomy":"post_tag","embeddable":true,"href":"https:\/\/www.caririemacao.com\/1\/wp-json\/wp\/v2\/tags?post=119690"}],"curies":[{"name":"wp","href":"https:\/\/api.w.org\/{rel}","templated":true}]}}