{"id":119698,"date":"2019-09-24T13:10:13","date_gmt":"2019-09-24T16:10:13","guid":{"rendered":"http:\/\/www.caririemacao.com\/1\/?p=119698"},"modified":"2019-09-24T13:10:13","modified_gmt":"2019-09-24T16:10:13","slug":"sao-sebastiao-do-umbuzeiro-realiza-a-viii-conferencia-municipal-de-assistencia-social","status":"publish","type":"post","link":"https:\/\/www.caririemacao.com\/1\/2019\/09\/24\/sao-sebastiao-do-umbuzeiro-realiza-a-viii-conferencia-municipal-de-assistencia-social\/","title":{"rendered":"S\u00e3o Sebasti\u00e3o do Umbuzeiro realiza a VIII Confer\u00eancia Municipal de Assist\u00eancia Social"},"content":{"rendered":"\n<figure class=\"wp-block-image\"><img decoding=\"async\" data-src=\"https:\/\/lh4.googleusercontent.com\/proxy\/EFNJq3vrBJBOxDszE_EsoedYeZX0bJqebTZsveyl7JpHxgeYDEl4qNt7RM048a3eY684xurXh__pauYxCHpY2SitcTpA3G4itMCd4Ps5cE8XNPVqBJmcvg=s0-d\" alt=\"\" src=\"data:image\/svg+xml;base64,PHN2ZyB3aWR0aD0iMSIgaGVpZ2h0PSIxIiB4bWxucz0iaHR0cDovL3d3dy53My5vcmcvMjAwMC9zdmciPjwvc3ZnPg==\" class=\"lazyload\" \/><\/figure>\n\n\n\n<p>Com o tema \u201cAssist\u00eancia Social: Direito do povo, com financiamento p\u00fablico e participa\u00e7\u00e3o social\u201d, a Prefeitura de S\u00e3o Sebasti\u00e3o do Umbuzeiro, atrav\u00e9s do Conselho Municipal de Assist\u00eancia Social \u2013 CMAS e da Secretaria Municipal de Assist\u00eancia Social e Desenvolvimento Humano, realizou nesta segunda-feira (23), a VIII Confer\u00eancia Municipal de Assist\u00eancia Social.<br>O evento foi realizado no Audit\u00f3rio da Escola Municipal Pedro Pedrosa Amador. A Confer\u00eancia acontece a cada dois anos, e \u00e9 um importante espa\u00e7o democr\u00e1tico, que re\u00fane representantes dos poderes Legislativo, Executivo, conselheiros, entidades de assist\u00eancia e religiosas, trabalhadores e usu\u00e1rios do Sistema \u00danico de Assist\u00eancia Social (SUAS) e da sociedade civil.<br>\u201cA proposta foi avaliar e, ao mesmo tempo, tra\u00e7ar diretrizes para a Pol\u00edtica da Assist\u00eancia Social em S\u00e3o Sebasti\u00e3o do Umbuzeiro, visando a melhoria da presta\u00e7\u00e3o de servi\u00e7os \u00e0 popula\u00e7\u00e3o\u201d, afirmou o Presidente do Conselho Jos\u00e9 Milton Fagundes de Lima.<br>Presente na confer\u00eancia, a Secret\u00e1ria de Assist\u00eancia Social,Joaquina, destacou o importante papel dos profissionais que atuam na Assist\u00eancia Social do Munic\u00edpio e das parcerias com os Poderes e todos os envolvidos com o segmento.<br><\/p>\n","protected":false},"excerpt":{"rendered":"<p>Com o tema \u201cAssist\u00eancia Social: Direito do povo, com financiamento p\u00fablico e participa\u00e7\u00e3o social\u201d, a Prefeitura de S\u00e3o Sebasti\u00e3o do Umbuzeiro, atrav\u00e9s do Conselho Municipal&hellip; <\/p>\n","protected":false},"author":1,"featured_media":119699,"comment_status":"closed","ping_status":"closed","sticky":false,"template":"","format":"standard","meta":{"sfsi_plus_gutenberg_text_before_share":"","sfsi_plus_gutenberg_show_text_before_share":"","sfsi_plus_gutenberg_icon_type":"","sfsi_plus_gutenberg_icon_alignemt":"","sfsi_plus_gutenburg_max_per_row":"","footnotes":""},"categories":[6],"tags":[],"class_list":["post-119698","post","type-post","status-publish","format-standard","has-post-thumbnail","hentry","category-cidades"],"_links":{"self":[{"href":"https:\/\/www.caririemacao.com\/1\/wp-json\/wp\/v2\/posts\/119698","targetHints":{"allow":["GET"]}}],"collection":[{"href":"https:\/\/www.caririemacao.com\/1\/wp-json\/wp\/v2\/posts"}],"about":[{"href":"https:\/\/www.caririemacao.com\/1\/wp-json\/wp\/v2\/types\/post"}],"author":[{"embeddable":true,"href":"https:\/\/www.caririemacao.com\/1\/wp-json\/wp\/v2\/users\/1"}],"replies":[{"embeddable":true,"href":"https:\/\/www.caririemacao.com\/1\/wp-json\/wp\/v2\/comments?post=119698"}],"version-history":[{"count":1,"href":"https:\/\/www.caririemacao.com\/1\/wp-json\/wp\/v2\/posts\/119698\/revisions"}],"predecessor-version":[{"id":119700,"href":"https:\/\/www.caririemacao.com\/1\/wp-json\/wp\/v2\/posts\/119698\/revisions\/119700"}],"wp:featuredmedia":[{"embeddable":true,"href":"https:\/\/www.caririemacao.com\/1\/wp-json\/wp\/v2\/media\/119699"}],"wp:attachment":[{"href":"https:\/\/www.caririemacao.com\/1\/wp-json\/wp\/v2\/media?parent=119698"}],"wp:term":[{"taxonomy":"category","embeddable":true,"href":"https:\/\/www.caririemacao.com\/1\/wp-json\/wp\/v2\/categories?post=119698"},{"taxonomy":"post_tag","embeddable":true,"href":"https:\/\/www.caririemacao.com\/1\/wp-json\/wp\/v2\/tags?post=119698"}],"curies":[{"name":"wp","href":"https:\/\/api.w.org\/{rel}","templated":true}]}}