{"id":119701,"date":"2019-09-24T13:13:22","date_gmt":"2019-09-24T16:13:22","guid":{"rendered":"http:\/\/www.caririemacao.com\/1\/?p=119701"},"modified":"2019-09-24T13:13:22","modified_gmt":"2019-09-24T16:13:22","slug":"assassinato-macabro-do-menino-everton-completara-4-anos-em-outubro","status":"publish","type":"post","link":"https:\/\/www.caririemacao.com\/1\/2019\/09\/24\/assassinato-macabro-do-menino-everton-completara-4-anos-em-outubro\/","title":{"rendered":"Assassinato macabro do menino Everton completar\u00e1 4 anos em outubro"},"content":{"rendered":"\n<p>Um crime brutal com uma crian\u00e7a de apenas cinco anos de idade completar\u00e1 quatro anos e a cidade onde o fato aconteceu come\u00e7a a relembrar.<\/p>\n\n\n\n<p>A m\u00e3e e o padrasto mataram e abriram o corpo da crian\u00e7a Everton Siqueira num ritual macabro.<\/p>\n\n\n\n<p>O assassinato foi no munic\u00edpio de Sum\u00e9, no Cariri da Para\u00edba. A imprensa local destaca o fato como um momento marcante na vida de parentes e moradores da cidade.<br>Everton foi assassinado no dia 11 de outubro de 2015.<\/p>\n\n\n\n<p>A justi\u00e7a afirma que o sangue extra\u00eddo do corpo da crian\u00e7a foi bebido pela m\u00e3e Laudenice dos Santos Siqueira, 22, o padrasto Joaquim dos Santos, 31, o ex-presidi\u00e1rio Denivaldo dos Santos, 37, e o suposto pai de santo, Wellington Soares Nogueira, 41.<\/p>\n\n\n\n<p>Todos est\u00e3o presos em pres\u00eddios de Jo\u00e3o Pessoa, cumprindo penas.<br>A brutalidade do crime marcou para sempre o cotidiano do povo sumeense.\u00a0<\/p>\n\n\n\n<p><strong>Reda\u00e7\u00e3o PB Debate<\/strong><\/p>\n","protected":false},"excerpt":{"rendered":"<p>Um crime brutal com uma crian\u00e7a de apenas cinco anos de idade completar\u00e1 quatro anos e a cidade onde o fato aconteceu come\u00e7a a relembrar.&hellip; <\/p>\n","protected":false},"author":1,"featured_media":119703,"comment_status":"closed","ping_status":"closed","sticky":false,"template":"","format":"standard","meta":{"sfsi_plus_gutenberg_text_before_share":"","sfsi_plus_gutenberg_show_text_before_share":"","sfsi_plus_gutenberg_icon_type":"","sfsi_plus_gutenberg_icon_alignemt":"","sfsi_plus_gutenburg_max_per_row":"","footnotes":""},"categories":[50,12],"tags":[],"class_list":["post-119701","post","type-post","status-publish","format-standard","has-post-thumbnail","hentry","category-destaque","category-policia"],"_links":{"self":[{"href":"https:\/\/www.caririemacao.com\/1\/wp-json\/wp\/v2\/posts\/119701","targetHints":{"allow":["GET"]}}],"collection":[{"href":"https:\/\/www.caririemacao.com\/1\/wp-json\/wp\/v2\/posts"}],"about":[{"href":"https:\/\/www.caririemacao.com\/1\/wp-json\/wp\/v2\/types\/post"}],"author":[{"embeddable":true,"href":"https:\/\/www.caririemacao.com\/1\/wp-json\/wp\/v2\/users\/1"}],"replies":[{"embeddable":true,"href":"https:\/\/www.caririemacao.com\/1\/wp-json\/wp\/v2\/comments?post=119701"}],"version-history":[{"count":1,"href":"https:\/\/www.caririemacao.com\/1\/wp-json\/wp\/v2\/posts\/119701\/revisions"}],"predecessor-version":[{"id":119704,"href":"https:\/\/www.caririemacao.com\/1\/wp-json\/wp\/v2\/posts\/119701\/revisions\/119704"}],"wp:featuredmedia":[{"embeddable":true,"href":"https:\/\/www.caririemacao.com\/1\/wp-json\/wp\/v2\/media\/119703"}],"wp:attachment":[{"href":"https:\/\/www.caririemacao.com\/1\/wp-json\/wp\/v2\/media?parent=119701"}],"wp:term":[{"taxonomy":"category","embeddable":true,"href":"https:\/\/www.caririemacao.com\/1\/wp-json\/wp\/v2\/categories?post=119701"},{"taxonomy":"post_tag","embeddable":true,"href":"https:\/\/www.caririemacao.com\/1\/wp-json\/wp\/v2\/tags?post=119701"}],"curies":[{"name":"wp","href":"https:\/\/api.w.org\/{rel}","templated":true}]}}