{"id":119708,"date":"2019-09-24T13:18:21","date_gmt":"2019-09-24T16:18:21","guid":{"rendered":"http:\/\/www.caririemacao.com\/1\/?p=119708"},"modified":"2019-09-24T13:18:21","modified_gmt":"2019-09-24T16:18:21","slug":"encontro-de-aeromodelismo-em-monteiro-e-sucesso-reconhecido-na-paraiba-e-varios-estados","status":"publish","type":"post","link":"https:\/\/www.caririemacao.com\/1\/2019\/09\/24\/encontro-de-aeromodelismo-em-monteiro-e-sucesso-reconhecido-na-paraiba-e-varios-estados\/","title":{"rendered":"Encontro de Aeromodelismo em Monteiro \u00e9 sucesso reconhecido na Para\u00edba e v\u00e1rios estados"},"content":{"rendered":"\n<p>Monteiro foi ponto de encontro de centenas de pessoas para a 3\u00aa edi\u00e7\u00e3o do Encontro de Aeromodelismo neste domingo. O evento atraiu cerca de 70 participantes entre alguns que vieram do Pernambuco, Rio Grande do Norte, Cear\u00e1 e outros estados e \u00e9 uma realiza\u00e7\u00e3o da Prefeitura Municipal por meio da Secretaria de Esportes.<\/p>\n\n\n\n<p>Uma das principais atra\u00e7\u00f5es deste domingo, 22, foram as acrobacias a\u00e9reas onde os aeromodelistas puderam exibir suas habilidades chamando a aten\u00e7\u00e3o para a modalidade, inclusive despertando a motiva\u00e7\u00e3o para a pr\u00e1tica.<br>Apesar do grande n\u00famero de participante e de o evento j\u00e1 estar caminhando para se tornar tradi\u00e7\u00e3o na cidade, o Encontro de Aeromodelismo \u00e9 demonstrativo e n\u00e3o competitivo. O objetivo dos participantes \u00e9 se reunir com outras pessoas que tamb\u00e9m praticam a modalidade e aprender mais sobre o hobby que se tornou esporte.<\/p>\n\n\n\n<p>As miniaturas de avi\u00f5es sobrevoando o c\u00e9u do Aer\u00f3dramo de Monteiro eram de diversos modelos, com pre\u00e7os variando podendo chegar aos R$ 30 mil reais. Mas, no fim das contas, para todos os aeromodelistas o objetivo \u00e9 o mesmo: fazer manobras acrob\u00e1ticas e divertir tanto os participantes quanto o p\u00fablico.<\/p>\n\n\n\n<div class=\"wp-block-image\"><figure class=\"alignleft\"><img decoding=\"async\" data-src=\"https:\/\/i0.wp.com\/www.vitrinedocariri.com.br\/wp-content\/uploads\/2019\/09\/Encontro-de-Aeromodelismo-em-Monteiro-%C3%A9-sucesso-reconhecido-na-Para%C3%ADba-e-v%C3%A1rios-estados-3.jpeg?zoom=2&amp;resize=330%2C220&amp;ssl=1\" alt=\"\" class=\"wp-image-53699 lazyload\" src=\"data:image\/svg+xml;base64,PHN2ZyB3aWR0aD0iMSIgaGVpZ2h0PSIxIiB4bWxucz0iaHR0cDovL3d3dy53My5vcmcvMjAwMC9zdmciPjwvc3ZnPg==\" \/><\/figure><\/div>\n\n\n\n<p>Para Rostand Chaves, secret\u00e1rio da pasta, esta edi\u00e7\u00e3o superou as expectativas, tanto de participantes quanto de p\u00fablico em geral, mesmo com as altas temperaturas o evento se estendeu das 08 horas da manh\u00e3 at\u00e9 o meio da tarde.<\/p>\n\n\n\n<p>\u201cO evento se consolidou aqui, foi crescendo e hoje \u00e9 o maior da Para\u00edba, movimentando praticantes de diversos pontos do nordeste. Sem falar que \u00e9 um espet\u00e1culo, o que atrai muita gente e de todas as idades \u2014 destaca Rostand.<\/p>\n\n\n\n<p>Quem n\u00e3o conseguiu comparecer neste ano pode marcar na agenda os dias 19 e 20 de setembro de 2020 para acompanhar mais uma edi\u00e7\u00e3o, afirma a Secretaria de Esportes.<\/p>\n\n\n\n<div class=\"wp-block-image\"><figure class=\"alignleft\"><img decoding=\"async\" data-src=\"https:\/\/i2.wp.com\/www.vitrinedocariri.com.br\/wp-content\/uploads\/2019\/09\/Encontro-de-Aeromodelismo-em-Monteiro-%C3%A9-sucesso-reconhecido-na-Para%C3%ADba-e-v%C3%A1rios-estados-4.jpeg?zoom=2&amp;resize=330%2C220&amp;ssl=1\" alt=\"\" class=\"wp-image-53700 lazyload\" src=\"data:image\/svg+xml;base64,PHN2ZyB3aWR0aD0iMSIgaGVpZ2h0PSIxIiB4bWxucz0iaHR0cDovL3d3dy53My5vcmcvMjAwMC9zdmciPjwvc3ZnPg==\" \/><\/figure><\/div>\n\n\n\n<p>\u201cA equipe AeroArco de Arcoverde PE, mais uma vez vem de P\u00fablico agradecer e elogiar o empenho e carinho com que fomos tratados por toda equipe da Organiza\u00e7\u00e3o do 3\u00b0 Encontro de Aeromodelismo de Monteiro! Com certeza o maior Evento do tipo no Estado da Para\u00edba! Foi um dia confraterniza\u00e7\u00e3o e muita alegria na realiza\u00e7\u00e3o dos v\u00f4os de aeromodelistas de Pernambuco e Para\u00edba! Parab\u00e9ns Prefeita Anna Lorena e toda sua equipe por esse momento que todos n\u00f3s Aeromodelistas e a popula\u00e7\u00e3o que se fez presente, tive hoje! PARAB\u00c9NS!!!\u201d \u2013 Equipe AeroArco.<br><\/p>\n","protected":false},"excerpt":{"rendered":"<p>Monteiro foi ponto de encontro de centenas de pessoas para a 3\u00aa edi\u00e7\u00e3o do Encontro de Aeromodelismo neste domingo. O evento atraiu cerca de 70&hellip; <\/p>\n","protected":false},"author":1,"featured_media":119709,"comment_status":"closed","ping_status":"closed","sticky":false,"template":"","format":"standard","meta":{"sfsi_plus_gutenberg_text_before_share":"","sfsi_plus_gutenberg_show_text_before_share":"","sfsi_plus_gutenberg_icon_type":"","sfsi_plus_gutenberg_icon_alignemt":"","sfsi_plus_gutenburg_max_per_row":"","footnotes":""},"categories":[6],"tags":[],"class_list":["post-119708","post","type-post","status-publish","format-standard","has-post-thumbnail","hentry","category-cidades"],"_links":{"self":[{"href":"https:\/\/www.caririemacao.com\/1\/wp-json\/wp\/v2\/posts\/119708","targetHints":{"allow":["GET"]}}],"collection":[{"href":"https:\/\/www.caririemacao.com\/1\/wp-json\/wp\/v2\/posts"}],"about":[{"href":"https:\/\/www.caririemacao.com\/1\/wp-json\/wp\/v2\/types\/post"}],"author":[{"embeddable":true,"href":"https:\/\/www.caririemacao.com\/1\/wp-json\/wp\/v2\/users\/1"}],"replies":[{"embeddable":true,"href":"https:\/\/www.caririemacao.com\/1\/wp-json\/wp\/v2\/comments?post=119708"}],"version-history":[{"count":1,"href":"https:\/\/www.caririemacao.com\/1\/wp-json\/wp\/v2\/posts\/119708\/revisions"}],"predecessor-version":[{"id":119710,"href":"https:\/\/www.caririemacao.com\/1\/wp-json\/wp\/v2\/posts\/119708\/revisions\/119710"}],"wp:featuredmedia":[{"embeddable":true,"href":"https:\/\/www.caririemacao.com\/1\/wp-json\/wp\/v2\/media\/119709"}],"wp:attachment":[{"href":"https:\/\/www.caririemacao.com\/1\/wp-json\/wp\/v2\/media?parent=119708"}],"wp:term":[{"taxonomy":"category","embeddable":true,"href":"https:\/\/www.caririemacao.com\/1\/wp-json\/wp\/v2\/categories?post=119708"},{"taxonomy":"post_tag","embeddable":true,"href":"https:\/\/www.caririemacao.com\/1\/wp-json\/wp\/v2\/tags?post=119708"}],"curies":[{"name":"wp","href":"https:\/\/api.w.org\/{rel}","templated":true}]}}