{"id":119717,"date":"2019-09-24T13:29:10","date_gmt":"2019-09-24T16:29:10","guid":{"rendered":"http:\/\/www.caririemacao.com\/1\/?p=119717"},"modified":"2019-09-24T13:29:10","modified_gmt":"2019-09-24T16:29:10","slug":"bolsonaro-diz-que-brasil-vivia-socialismo","status":"publish","type":"post","link":"https:\/\/www.caririemacao.com\/1\/2019\/09\/24\/bolsonaro-diz-que-brasil-vivia-socialismo\/","title":{"rendered":"Bolsonaro diz que Brasil vivia socialismo"},"content":{"rendered":"\n<p>Come\u00e7a nesta ter\u00e7a-feira (24) o debate da Assembleia Geral da ONU, em Nova York. O presidente Jair Bolsonaro chegou ao local e iniciou o discurso pouco depois das 10h (hor\u00e1rio de Bras\u00edlia), ap\u00f3s a abertura da sess\u00e3o pelo secret\u00e1rio-geral.<\/p>\n\n\n\n<p>O presidente tocou em assuntos como a demarca\u00e7\u00e3o de terras ind\u00edgenas e leu carta de agricultores ind\u00edgenas em discurso de abertura. Bolsonaro ainda criticou o \u2018socialismo\u2019 implantando no Brasil em governos anteriores e afrontou pa\u00edses como Cuba, Venezuela e Fran\u00e7a na tribuna.<\/p>\n\n\n\n<p>\u201cO socialismo est\u00e1 dando certo na Venezuela, todos est\u00e3o pobres e desempregados\u201d; \u201c\u00c9 uma fal\u00e1cia dizer que a Amaz\u00f4nia \u00e9 um patrim\u00f4nio da humanidade\u201d; \u201cOngs teimam em manter nossos \u00edndios como homens das cavernas\u201d; foram algumas das falas no discurso.<\/p>\n\n\n\n<p>Confira o discurso:<\/p>\n\n\n\n<figure><iframe width=\"590\" height=\"345\" data-src=\"https:\/\/www.youtube.com\/embed\/cTzHZqqkE60?theme=light&amp;autohide=1&amp;showinfo=0;wmode=transparent;border=none;iv_load_policy=1;rel=0\" allowfullscreen=\"\" src=\"data:image\/svg+xml;base64,PHN2ZyB3aWR0aD0iMSIgaGVpZ2h0PSIxIiB4bWxucz0iaHR0cDovL3d3dy53My5vcmcvMjAwMC9zdmciPjwvc3ZnPg==\" class=\"lazyload\" data-load-mode=\"1\"><\/iframe><\/figure>\n","protected":false},"excerpt":{"rendered":"<p>Come\u00e7a nesta ter\u00e7a-feira (24) o debate da Assembleia Geral da ONU, em Nova York. O presidente Jair Bolsonaro chegou ao local e iniciou o discurso&hellip; <\/p>\n","protected":false},"author":1,"featured_media":119718,"comment_status":"closed","ping_status":"closed","sticky":false,"template":"","format":"standard","meta":{"sfsi_plus_gutenberg_text_before_share":"","sfsi_plus_gutenberg_show_text_before_share":"","sfsi_plus_gutenberg_icon_type":"","sfsi_plus_gutenberg_icon_alignemt":"","sfsi_plus_gutenburg_max_per_row":"","footnotes":""},"categories":[11],"tags":[],"class_list":["post-119717","post","type-post","status-publish","format-standard","has-post-thumbnail","hentry","category-politica"],"_links":{"self":[{"href":"https:\/\/www.caririemacao.com\/1\/wp-json\/wp\/v2\/posts\/119717","targetHints":{"allow":["GET"]}}],"collection":[{"href":"https:\/\/www.caririemacao.com\/1\/wp-json\/wp\/v2\/posts"}],"about":[{"href":"https:\/\/www.caririemacao.com\/1\/wp-json\/wp\/v2\/types\/post"}],"author":[{"embeddable":true,"href":"https:\/\/www.caririemacao.com\/1\/wp-json\/wp\/v2\/users\/1"}],"replies":[{"embeddable":true,"href":"https:\/\/www.caririemacao.com\/1\/wp-json\/wp\/v2\/comments?post=119717"}],"version-history":[{"count":1,"href":"https:\/\/www.caririemacao.com\/1\/wp-json\/wp\/v2\/posts\/119717\/revisions"}],"predecessor-version":[{"id":119719,"href":"https:\/\/www.caririemacao.com\/1\/wp-json\/wp\/v2\/posts\/119717\/revisions\/119719"}],"wp:featuredmedia":[{"embeddable":true,"href":"https:\/\/www.caririemacao.com\/1\/wp-json\/wp\/v2\/media\/119718"}],"wp:attachment":[{"href":"https:\/\/www.caririemacao.com\/1\/wp-json\/wp\/v2\/media?parent=119717"}],"wp:term":[{"taxonomy":"category","embeddable":true,"href":"https:\/\/www.caririemacao.com\/1\/wp-json\/wp\/v2\/categories?post=119717"},{"taxonomy":"post_tag","embeddable":true,"href":"https:\/\/www.caririemacao.com\/1\/wp-json\/wp\/v2\/tags?post=119717"}],"curies":[{"name":"wp","href":"https:\/\/api.w.org\/{rel}","templated":true}]}}