{"id":119724,"date":"2019-09-24T13:30:47","date_gmt":"2019-09-24T16:30:47","guid":{"rendered":"http:\/\/www.caririemacao.com\/1\/?p=119724"},"modified":"2019-09-24T13:30:47","modified_gmt":"2019-09-24T16:30:47","slug":"especialista-alerta-uso-de-lentes-de-contato-dentais","status":"publish","type":"post","link":"https:\/\/www.caririemacao.com\/1\/2019\/09\/24\/especialista-alerta-uso-de-lentes-de-contato-dentais\/","title":{"rendered":"Especialista alerta uso de lentes de contato dentais"},"content":{"rendered":"\n<p>Nos \u00faltimos anos, a busca pelo sorriso perfeito ganhou uma grande ajuda: as lentes de contato dentais, moldes laminados de porcelana que s\u00e3o colocados nos dentes para tornar a apar\u00eancia do sorriso mais uniforme e brilhante. O m\u00e9todo se popularizou no Brasil e vem ganhando adeptos de todas as faixas et\u00e1rias, pelos resultados est\u00e9ticos e praticidade no tratamento. Por\u00e9m, segundo o professor de Odontologia da Unifacisa, Rodrigo Alves, h\u00e1 alguns pontos e cuidados importantes a serem avaliados antes da coloca\u00e7\u00e3o das lentes de contato dentais.<\/p>\n\n\n\n<p>\u201cQuando o tratamento n\u00e3o \u00e9 indicado pelo dentista, h\u00e1 o risco de um desgaste exagerado nos dentes e do comprometimento da sa\u00fade bucal a m\u00e9dio ou longo prazo. Vale lembrar que, na maioria das vezes, o tratamento \u00e9 multidisciplinar e envolve a ortodontia (uso de aparelho dental) e a periodontia (tratamento da gengiva) para que se tenha o resultado mais favor\u00e1vel e saud\u00e1vel. Quando bem indicado e executado, esse tratamento \u00e9 duradouro e n\u00e3o oferece riscos \u00e0 sa\u00fade do paciente, desde que ele se mantenha cuidadoso com a higiene dental di\u00e1ria e atento \u00e0s visitas peri\u00f3dicas de manuten\u00e7\u00e3o com o dentista\u201d, destaca Rodrigo.<\/p>\n\n\n\n<p>E quais s\u00e3o as avalia\u00e7\u00f5es necess\u00e1rias para que o paciente esteja apto a colocar as lentes de contato dentais? Rodrigo explica alguns par\u00e2metros que os profissionais utilizam para definir tal aptid\u00e3o. \u201cA avalia\u00e7\u00e3o consta da observa\u00e7\u00e3o de c\u00e1ries e inflama\u00e7\u00e3o gengival, funcionalidade da oclus\u00e3o e posicionamento dent\u00e1rio do paciente, al\u00e9m de radiografias em alguns casos. Ap\u00f3s a avalia\u00e7\u00e3o completa e detalhada, pode-se indicar o tratamento com laminados cer\u00e2micos com a perspectiva de recupera\u00e7\u00e3o est\u00e9tica, como cor, textura, posicionamento, formato e volume, e tamb\u00e9m funcional, dirigindo as for\u00e7as para os dentes adequados, por exemplo\u201d.<\/p>\n\n\n\n<p>Rodrigo tamb\u00e9m detalha os motivos das lentes de contato dentais terem se popularizado nos \u00faltimos anos. \u201cA populariza\u00e7\u00e3o se deve a fatores como o surgimento de novas tecnologias para a confec\u00e7\u00e3o das l\u00e2minas de porcelana por um processo digital, a longevidade e previsibilidade do tratamento aliado \u00e0 t\u00e9cnicas que priorizam o m\u00ednimo desgaste dental.&nbsp; Se tornando assim, menos invasivas e trazendo um &nbsp;impacto positivo na qualidade de vida dos pacientes, restabelecendo um sorriso confiante\u201d, completa o professor.<\/p>\n\n\n\n<p><strong>MaisPB<\/strong><\/p>\n","protected":false},"excerpt":{"rendered":"<p>Nos \u00faltimos anos, a busca pelo sorriso perfeito ganhou uma grande ajuda: as lentes de contato dentais, moldes laminados de porcelana que s\u00e3o colocados nos&hellip; <\/p>\n","protected":false},"author":1,"featured_media":15819,"comment_status":"closed","ping_status":"closed","sticky":false,"template":"","format":"standard","meta":{"sfsi_plus_gutenberg_text_before_share":"","sfsi_plus_gutenberg_show_text_before_share":"","sfsi_plus_gutenberg_icon_type":"","sfsi_plus_gutenberg_icon_alignemt":"","sfsi_plus_gutenburg_max_per_row":"","footnotes":""},"categories":[16],"tags":[],"class_list":["post-119724","post","type-post","status-publish","format-standard","has-post-thumbnail","hentry","category-saude"],"_links":{"self":[{"href":"https:\/\/www.caririemacao.com\/1\/wp-json\/wp\/v2\/posts\/119724","targetHints":{"allow":["GET"]}}],"collection":[{"href":"https:\/\/www.caririemacao.com\/1\/wp-json\/wp\/v2\/posts"}],"about":[{"href":"https:\/\/www.caririemacao.com\/1\/wp-json\/wp\/v2\/types\/post"}],"author":[{"embeddable":true,"href":"https:\/\/www.caririemacao.com\/1\/wp-json\/wp\/v2\/users\/1"}],"replies":[{"embeddable":true,"href":"https:\/\/www.caririemacao.com\/1\/wp-json\/wp\/v2\/comments?post=119724"}],"version-history":[{"count":1,"href":"https:\/\/www.caririemacao.com\/1\/wp-json\/wp\/v2\/posts\/119724\/revisions"}],"predecessor-version":[{"id":119726,"href":"https:\/\/www.caririemacao.com\/1\/wp-json\/wp\/v2\/posts\/119724\/revisions\/119726"}],"wp:featuredmedia":[{"embeddable":true,"href":"https:\/\/www.caririemacao.com\/1\/wp-json\/wp\/v2\/media\/15819"}],"wp:attachment":[{"href":"https:\/\/www.caririemacao.com\/1\/wp-json\/wp\/v2\/media?parent=119724"}],"wp:term":[{"taxonomy":"category","embeddable":true,"href":"https:\/\/www.caririemacao.com\/1\/wp-json\/wp\/v2\/categories?post=119724"},{"taxonomy":"post_tag","embeddable":true,"href":"https:\/\/www.caririemacao.com\/1\/wp-json\/wp\/v2\/tags?post=119724"}],"curies":[{"name":"wp","href":"https:\/\/api.w.org\/{rel}","templated":true}]}}