{"id":119731,"date":"2019-09-24T13:35:43","date_gmt":"2019-09-24T16:35:43","guid":{"rendered":"http:\/\/www.caririemacao.com\/1\/?p=119731"},"modified":"2019-09-24T13:35:43","modified_gmt":"2019-09-24T16:35:43","slug":"veneziano-diz-que-future-se-fara-instituicoes-perderem-autonomia","status":"publish","type":"post","link":"https:\/\/www.caririemacao.com\/1\/2019\/09\/24\/veneziano-diz-que-future-se-fara-instituicoes-perderem-autonomia\/","title":{"rendered":"Veneziano diz que \u2018Future-se\u2019 far\u00e1 institui\u00e7\u00f5es perderem autonomia"},"content":{"rendered":"\n<p>Em pronunciamento no Plen\u00e1rio do Senado, o senador Veneziano Vital do R\u00eago (PSB-PB) criticou o programa \u2018Future-se\u2019, lan\u00e7ado pelo governo federal, que abre a possibilidade de as universidades p\u00fablicas captarem recursos privados por meio de contratos com organiza\u00e7\u00f5es sociais (OSs), sem a necessidade de chamada p\u00fablica.<\/p>\n\n\n\n<p>Como titular da Comiss\u00e3o de Educa\u00e7\u00e3o (CE), Veneziano observou que o Future-se far\u00e1 institui\u00e7\u00f5es federais perderem autonomia, e alertou que a medida pode fragilizar as universidades e comprometer o ensino p\u00fablico superior gratuito.<\/p>\n\n\n\n<p>O parlamentar n\u00e3o acredita que o \u2018Future-se\u2019 promova a sustentabilidade financeira, como propagou o governo federal, mas ir\u00e1 prejudicar a autonomia das institui\u00e7\u00f5es federais de ensino superior.<\/p>\n\n\n\n<p>\u201cN\u00f3s n\u00e3o podemos conceber, n\u00e3o podemos concordar, n\u00e3o podemos aquiescer com essa linha de pensamento. Esta \u00e9 a disposi\u00e7\u00e3o do governo federal: enfraquecer, fragilizar, levar a situa\u00e7\u00e3o de inconveni\u00eancia para essas entidades e institui\u00e7\u00f5es\u201d, disse o Senador.<\/p>\n\n\n\n<p><strong>TV Senado<\/strong><\/p>\n\n\n\n<p>Nesta ter\u00e7a-feira (24), o senador voltou a falar sobre o assunto, em entrevista \u00e0 jornalista Renata de Paula, do programa \u2018Argumento\u2019, da TV Senado, que ir\u00e1 ao ar nos pr\u00f3ximos dias. Preocupado com o futuro das universidades p\u00fablicas brasileiras, especialmente as paraibanas, ele disse que j\u00e1 se reuniu com representantes de diversos segmentos, que alertaram para a possibilidade de um colapso e paralisa\u00e7\u00e3o das atividades funcionais, em consequ\u00eancia das decis\u00f5es do governo.<\/p>\n\n\n\n<p>Para o parlamentar, a pol\u00edtica do governo referente ao ensino superior pode gerar preju\u00edzo tremendo, com repercuss\u00f5es n\u00e3o apenas para o agora, mas principalmente para as gera\u00e7\u00f5es futuras.<\/p>\n\n\n\n<p>Na semana passada, atendendo requerimento de Veneziano, a Comiss\u00e3o de Educa\u00e7\u00e3o do Senado realizou uma Audi\u00eancia P\u00fablica com 15 reitores e ex-reitores de universidades de todo o pa\u00eds, sobre os sucessivos cortes nos or\u00e7amentos das Institui\u00e7\u00f5es de Ensino Superior do Brasil e o \u2018Future-se\u2019.<\/p>\n\n\n\n<p>Na ocasi\u00e3o, os reitores manifestaram preocupa\u00e7\u00e3o com a manuten\u00e7\u00e3o da autonomia universit\u00e1ria e com a garantia de recursos p\u00fablicos para o ensino superior. Para Veneziano, o debate serviu como subs\u00eddio para que os senadores possam discutir o tema.<\/p>\n\n\n\n<p><strong>MaisPB<\/strong><\/p>\n","protected":false},"excerpt":{"rendered":"<p>Em pronunciamento no Plen\u00e1rio do Senado, o senador Veneziano Vital do R\u00eago (PSB-PB) criticou o programa \u2018Future-se\u2019, lan\u00e7ado pelo governo federal, que abre a possibilidade&hellip; <\/p>\n","protected":false},"author":1,"featured_media":119733,"comment_status":"closed","ping_status":"closed","sticky":false,"template":"","format":"standard","meta":{"sfsi_plus_gutenberg_text_before_share":"","sfsi_plus_gutenberg_show_text_before_share":"","sfsi_plus_gutenberg_icon_type":"","sfsi_plus_gutenberg_icon_alignemt":"","sfsi_plus_gutenburg_max_per_row":"","footnotes":""},"categories":[11],"tags":[],"class_list":["post-119731","post","type-post","status-publish","format-standard","has-post-thumbnail","hentry","category-politica"],"_links":{"self":[{"href":"https:\/\/www.caririemacao.com\/1\/wp-json\/wp\/v2\/posts\/119731","targetHints":{"allow":["GET"]}}],"collection":[{"href":"https:\/\/www.caririemacao.com\/1\/wp-json\/wp\/v2\/posts"}],"about":[{"href":"https:\/\/www.caririemacao.com\/1\/wp-json\/wp\/v2\/types\/post"}],"author":[{"embeddable":true,"href":"https:\/\/www.caririemacao.com\/1\/wp-json\/wp\/v2\/users\/1"}],"replies":[{"embeddable":true,"href":"https:\/\/www.caririemacao.com\/1\/wp-json\/wp\/v2\/comments?post=119731"}],"version-history":[{"count":1,"href":"https:\/\/www.caririemacao.com\/1\/wp-json\/wp\/v2\/posts\/119731\/revisions"}],"predecessor-version":[{"id":119734,"href":"https:\/\/www.caririemacao.com\/1\/wp-json\/wp\/v2\/posts\/119731\/revisions\/119734"}],"wp:featuredmedia":[{"embeddable":true,"href":"https:\/\/www.caririemacao.com\/1\/wp-json\/wp\/v2\/media\/119733"}],"wp:attachment":[{"href":"https:\/\/www.caririemacao.com\/1\/wp-json\/wp\/v2\/media?parent=119731"}],"wp:term":[{"taxonomy":"category","embeddable":true,"href":"https:\/\/www.caririemacao.com\/1\/wp-json\/wp\/v2\/categories?post=119731"},{"taxonomy":"post_tag","embeddable":true,"href":"https:\/\/www.caririemacao.com\/1\/wp-json\/wp\/v2\/tags?post=119731"}],"curies":[{"name":"wp","href":"https:\/\/api.w.org\/{rel}","templated":true}]}}