{"id":119736,"date":"2019-09-24T13:39:35","date_gmt":"2019-09-24T16:39:35","guid":{"rendered":"http:\/\/www.caririemacao.com\/1\/?p=119736"},"modified":"2019-09-24T13:39:35","modified_gmt":"2019-09-24T16:39:35","slug":"tim-e-condenada-a-indenizar-cliente-paraibana-apos-cobranca-indevida","status":"publish","type":"post","link":"https:\/\/www.caririemacao.com\/1\/2019\/09\/24\/tim-e-condenada-a-indenizar-cliente-paraibana-apos-cobranca-indevida\/","title":{"rendered":"TIM \u00e9 condenada a indenizar cliente paraibana ap\u00f3s cobran\u00e7a indevida"},"content":{"rendered":"\n<p>A Justi\u00e7a da Para\u00edba condenou a operadora de telefonia Tim S\/A, a indenizar por danos morais, a cliente Eliana Ant\u00f4nio Luiz da Silva, no valor de R$ 5 mil.&nbsp; Ela alegou que foi surpreendida com a negativa\u00e7\u00e3o do seu nome nos \u00f3rg\u00e3os de restri\u00e7\u00e3o ao cr\u00e9dito, em virtude de um suposto contrato com a empresa no valor de R$ 19,90, sendo que a mesma nunca adquiriu os servi\u00e7os da operadora, exceto a utiliza\u00e7\u00e3o de seu telefone pr\u00e9-pago. A consumidora disse que foi v\u00edtima de estelionato e da neglig\u00eancia da empresa. A Tim, por sua vez, sustentou a legalidade das cobran\u00e7as.&nbsp;<\/p>\n\n\n\n<p>Na Comarca de Santana dos Garrotes, a operadora foi condenada a pagar uma indeniza\u00e7\u00e3o no valor de R$ 2.500,00, o que motivou a interposi\u00e7\u00e3o de recurso pela autora. O relator do processo foi o desembargador Oswaldo Trigueiro do Valle Filho. Segundo ele, o montante fixado na senten\u00e7a se mostrou por demais irrazo\u00e1vel, n\u00e3o se prestando a atender o car\u00e1ter pedag\u00f3gico que deve ter a condena\u00e7\u00e3o.<\/p>\n\n\n\n<p>\u201cO valor dos danos morais deve ser arbitrado com observ\u00e2ncia do princ\u00edpio da razoabilidade, sendo apto a reparar o dano causado ao ofendido e, ao mesmo tempo, servir de exemplo para inibi\u00e7\u00e3o de futuras condutas nocivas. Nesta trilha, n\u00e3o se pode olvidar que a inclus\u00e3o indevida do nome nos \u00f3rg\u00e3os de restri\u00e7\u00e3o ao cr\u00e9dito causou in\u00fameros transtornos \u00e0 autora, pois implicou em abalo da sua credibilidade perante credores e, logicamente, ficou impedida de realizar transa\u00e7\u00f5es comerciais\u201d, destacou o relator.<\/p>\n\n\n\n<p>Oswaldo Trigueiro considerou intempestivo o recurso da operadora TIM, ou seja, foi apresentado fora do prazo. \u201cO apelo ora em an\u00e1lise n\u00e3o preenche o pressuposto de admissibilidade consistente na tempestividade de interposi\u00e7\u00e3o, impondo-se o n\u00e3o conhecimento recursal\u201d.<\/p>\n","protected":false},"excerpt":{"rendered":"<p>A Justi\u00e7a da Para\u00edba condenou a operadora de telefonia Tim S\/A, a indenizar por danos morais, a cliente Eliana Ant\u00f4nio Luiz da Silva, no valor&hellip; <\/p>\n","protected":false},"author":1,"featured_media":96778,"comment_status":"closed","ping_status":"closed","sticky":false,"template":"","format":"standard","meta":{"sfsi_plus_gutenberg_text_before_share":"","sfsi_plus_gutenberg_show_text_before_share":"","sfsi_plus_gutenberg_icon_type":"","sfsi_plus_gutenberg_icon_alignemt":"","sfsi_plus_gutenburg_max_per_row":"","footnotes":""},"categories":[2],"tags":[],"class_list":["post-119736","post","type-post","status-publish","format-standard","has-post-thumbnail","hentry","category-geral"],"_links":{"self":[{"href":"https:\/\/www.caririemacao.com\/1\/wp-json\/wp\/v2\/posts\/119736","targetHints":{"allow":["GET"]}}],"collection":[{"href":"https:\/\/www.caririemacao.com\/1\/wp-json\/wp\/v2\/posts"}],"about":[{"href":"https:\/\/www.caririemacao.com\/1\/wp-json\/wp\/v2\/types\/post"}],"author":[{"embeddable":true,"href":"https:\/\/www.caririemacao.com\/1\/wp-json\/wp\/v2\/users\/1"}],"replies":[{"embeddable":true,"href":"https:\/\/www.caririemacao.com\/1\/wp-json\/wp\/v2\/comments?post=119736"}],"version-history":[{"count":1,"href":"https:\/\/www.caririemacao.com\/1\/wp-json\/wp\/v2\/posts\/119736\/revisions"}],"predecessor-version":[{"id":119740,"href":"https:\/\/www.caririemacao.com\/1\/wp-json\/wp\/v2\/posts\/119736\/revisions\/119740"}],"wp:featuredmedia":[{"embeddable":true,"href":"https:\/\/www.caririemacao.com\/1\/wp-json\/wp\/v2\/media\/96778"}],"wp:attachment":[{"href":"https:\/\/www.caririemacao.com\/1\/wp-json\/wp\/v2\/media?parent=119736"}],"wp:term":[{"taxonomy":"category","embeddable":true,"href":"https:\/\/www.caririemacao.com\/1\/wp-json\/wp\/v2\/categories?post=119736"},{"taxonomy":"post_tag","embeddable":true,"href":"https:\/\/www.caririemacao.com\/1\/wp-json\/wp\/v2\/tags?post=119736"}],"curies":[{"name":"wp","href":"https:\/\/api.w.org\/{rel}","templated":true}]}}