{"id":119744,"date":"2019-09-24T13:44:53","date_gmt":"2019-09-24T16:44:53","guid":{"rendered":"http:\/\/www.caririemacao.com\/1\/?p=119744"},"modified":"2019-09-24T13:44:53","modified_gmt":"2019-09-24T16:44:53","slug":"bolsonaro-diz-ter-compromisso-solene-com-meio-ambiente-e-acusa-lideres-estrangeiros-de-ataque-a-soberania-do-brasil","status":"publish","type":"post","link":"https:\/\/www.caririemacao.com\/1\/2019\/09\/24\/bolsonaro-diz-ter-compromisso-solene-com-meio-ambiente-e-acusa-lideres-estrangeiros-de-ataque-a-soberania-do-brasil\/","title":{"rendered":"Bolsonaro diz ter &#8216;compromisso solene&#8217; com meio ambiente e acusa l\u00edderes estrangeiros de ataque \u00e0 soberania do Brasil"},"content":{"rendered":"\n<p>O presidente Jair Bolsonaro afirmou na manh\u00e3 desta ter\u00e7a-feira (24) durante discurso de abertura na 74\u00aa Assembleia Geral das Na\u00e7\u00f5es Unidas (ONU), em Nova York (EUA), que tem &#8220;compromisso solene&#8221; com a preserva\u00e7\u00e3o meio ambiente e acusou l\u00edderes estrangeiros de ataque \u00e0 soberania do Brasil.<\/p>\n\n\n\n<p>Tradicionalmente, desde 1949, cabe ao representante do Brasil abrir o debate geral da assembleia das Na\u00e7\u00f5es Unidas. Foi o primeiro pronunciamento de Bolsonaro como chefe de Estado no encontro.<\/p>\n\n\n\n<p>&#8220;\u00c9 uma fal\u00e1cia dizer que a Amaz\u00f4nia \u00e9 um patrim\u00f4nio da humanidade e um equ\u00edvoco, como atestam os cientistas, afirmar que a Amaz\u00f4nia, a nossa floresta, \u00e9 o pulm\u00e3o do mundo. Valendo-se dessas fal\u00e1cias um ou outro pa\u00eds, em vez de ajudar, embarcou nas mentiras da m\u00eddia e se portou de forma desrespeitosa e com esp\u00edrito colonialista. Questionaram aquilo que nos \u00e9 mais sagrado, a nossa soberania&#8221;, disse Bolsonaro.<\/p>\n\n\n\n<p>Bolsonaro afirmou, ainda, que tem &#8220;compromisso solene&#8221; com a prote\u00e7\u00e3o da Amaz\u00f4nia. Disse que a Amaz\u00f4nia \u00e9 maior do que toda a Europa ocidental e &#8220;permanece praticamente intocada&#8221;, o que seria prova, segundo o presidente, de que o Brasil \u00e9 &#8220;um dos pa\u00edses que mais protegem o meio ambiente&#8221;.<\/p>\n\n\n\n<p>&#8220;Em primeiro lugar, meu governo tem o compromisso solene com a preserva\u00e7\u00e3o do meio ambiente e do desenvolvimento sustent\u00e1vel em benef\u00edcio do Brasil&#8221;, declarou o presidente.<\/p>\n\n\n\n<p>O discurso do presidente tem o contexto da crise provocada, em agosto, pela alta das queimadas na floresta amaz\u00f4nica.<\/p>\n\n\n\n<p>Bolsonaro trocou farpas com o presidente da Fran\u00e7a, Emmanuel Macron, que deixou em aberto a discuss\u00e3o sobre um poss\u00edvel status internacional na Amaz\u00f4nia.<\/p>\n\n\n\n<p>Com a fala desta ter\u00e7a, Bolsonaro \u00e9 o oitavo presidente brasileiro a abrir os debates. O primeiro chefe de Estado do pa\u00eds a discursar no encontro foi Jo\u00e3o Figueiredo, em 1982. Desde ent\u00e3o, apenas Itamar Franco n\u00e3o se pronunciou ao menos uma vez na assembleia geral.<\/p>\n\n\n\n<p><strong>Terra ind\u00edgena<\/strong><\/p>\n\n\n\n<p>Bolsonaro afirmou no discurso que n\u00e3o ampliar\u00e1 o percentual do territ\u00f3rio brasileiro com terras ind\u00edgenas e disse que a &#8220;vis\u00e3o de um l\u00edder&#8221; n\u00e3o representa o pensamento de todos os \u00edndios do pa\u00eds.<\/p>\n\n\n\n<p>&#8220;Quero deixar claro: O Brasil n\u00e3o vai aumentar para 20% sua \u00e1rea j\u00e1 demarcada como terra ind\u00edgena, como alguns chefes de estado gostariam que acontecesse&#8221;, afirmou.<br>Bolsonaro afirmou que, &#8220;muitas vezes&#8221;, l\u00edderes ind\u00edgenas como o cacique Raoni, s\u00e3o &#8220;usados como pe\u00e7a de manobra&#8221; por governos estrangeiros. Ele n\u00e3o citou quais seriam os governos, contudo, recentemente Raoni se encontrou com o presidente da Fran\u00e7a, Emmanuel Macron.<\/p>\n\n\n\n<p>&#8220;A vis\u00e3o de um l\u00edder ind\u00edgena n\u00e3o representa a de todos os \u00edndios brasileiros. Muitas vezes, alguns desses l\u00edderes, como o cacique Raoni, s\u00e3o usados como pe\u00e7a de manobra por governos estrangeiros na sua guerra informacional para avan\u00e7ar seus interesses na Amaz\u00f4nia&#8221;, afirmou Bolsonaro.<\/p>\n\n\n\n<p>Segundo Bolsonaro, pessoas dentro e fora do Brasil, com apoio de organiza\u00e7\u00f5es n\u00e3o-governamentais, &#8220;teimam em tratar e em manter&#8221; os \u00edndios brasileiros &#8220;como verdadeiros homens das cavernas&#8221;.<\/p>\n\n\n\n<p>&#8220;O Brasil agora tem um presidente que se preocupa com aqueles que l\u00e1 estavam antes da chegada dos portugueses em 1.500. O \u00edndio n\u00e3o quer ser latifundi\u00e1rio pobre em cima de ter\u00e1 rica&#8221;, afirmou.<\/p>\n\n\n\n<p>Bolsonaro deu como exemplo de grandes extens\u00f5es de terras ind\u00edgenas demarcadas a Raposa Serra do Sol e a Yanomami. Ele ainda citou interesse estrangeiros nas riquezas minerais do Brasil, como ouro, diamante e ni\u00f3bio.<\/p>\n\n\n\n<p>&#8220;Os que nos atacam n\u00e3o est\u00e3o preocupados com o ser-humano \u00edndio, mas, sim, com as riquezas minerais e biodiversidade existentes nessas \u00e1reas&#8221;, disse.<\/p>\n\n\n\n<p>O presidente ainda defendeu uma &#8220;nova pol\u00edtica indigenista&#8221; no pa\u00eds a fim de buscar &#8220;autonomia econ\u00f4mica&#8221; dos ind\u00edgenas.<\/p>\n\n\n\n<p>&#8220;O ambientalismo radical e o indigenismo ultrapassado e fora de sintonia com o que querem os povos ind\u00edgenas representam o atraso, a marginaliza\u00e7\u00e3o e a completa aus\u00eancia de cidadania&#8221;, afirmou.<\/p>\n\n\n\n<p><strong>Agenda da viagem<\/strong><\/p>\n\n\n\n<p>Antes do discurso, Bolsonaro se reuniu com o secret\u00e1rio-geral da ONU, Ant\u00f3nio Guterres. \u00c0 tarde, Bolsonaro est\u00e1 prevista uma visita ao ex-prefeito de Nova York Rudolph Giuliani. \u00c0 noite, o presidente embarca de volta para Bras\u00edlia.<\/p>\n\n\n\n<p>Bolsonaro chegou a Nova York na tarde de segunda-feira (23), acompanhado de uma comitiva que reuniu, entre outros integrantes, ministros, a primeira-dama Michelle Bolsonaro e o deputado Eduardo Bolsonaro (PSL-SP), um dos cinco filhos do presidente.<\/p>\n\n\n\n<p>Eduardo, que preside na C\u00e2mara a Comiss\u00e3o de Rela\u00e7\u00f5es Exteriores e Defesa Nacional (Creden), foi escolhido pelo pai para ser embaixador do Brasil em Washington. No entanto, a indica\u00e7\u00e3o ainda n\u00e3o foi enviada ao Senado, que ter\u00e1 de aprovar o nome do parlamentar.<\/p>\n\n\n\n<p>O presidente viajou uma semana depois de receber alta hospitalar. No dia 8, ele passou por uma cirurgia para corrigir uma h\u00e9rnia, o quarto procedimento desde que sofreu uma facada no abd\u00f4men em 2018.<\/p>\n\n\n\n<p>Bolsonaro viajou com orienta\u00e7\u00e3o de manter uma dieta leve e de evitar longos per\u00edodos sentado no avi\u00e3o.<\/p>\n","protected":false},"excerpt":{"rendered":"<p>O presidente Jair Bolsonaro afirmou na manh\u00e3 desta ter\u00e7a-feira (24) durante discurso de abertura na 74\u00aa Assembleia Geral das Na\u00e7\u00f5es Unidas (ONU), em Nova York&hellip; <\/p>\n","protected":false},"author":1,"featured_media":109939,"comment_status":"closed","ping_status":"closed","sticky":false,"template":"","format":"standard","meta":{"sfsi_plus_gutenberg_text_before_share":"","sfsi_plus_gutenberg_show_text_before_share":"","sfsi_plus_gutenberg_icon_type":"","sfsi_plus_gutenberg_icon_alignemt":"","sfsi_plus_gutenburg_max_per_row":"","footnotes":""},"categories":[11],"tags":[],"class_list":["post-119744","post","type-post","status-publish","format-standard","has-post-thumbnail","hentry","category-politica"],"_links":{"self":[{"href":"https:\/\/www.caririemacao.com\/1\/wp-json\/wp\/v2\/posts\/119744","targetHints":{"allow":["GET"]}}],"collection":[{"href":"https:\/\/www.caririemacao.com\/1\/wp-json\/wp\/v2\/posts"}],"about":[{"href":"https:\/\/www.caririemacao.com\/1\/wp-json\/wp\/v2\/types\/post"}],"author":[{"embeddable":true,"href":"https:\/\/www.caririemacao.com\/1\/wp-json\/wp\/v2\/users\/1"}],"replies":[{"embeddable":true,"href":"https:\/\/www.caririemacao.com\/1\/wp-json\/wp\/v2\/comments?post=119744"}],"version-history":[{"count":1,"href":"https:\/\/www.caririemacao.com\/1\/wp-json\/wp\/v2\/posts\/119744\/revisions"}],"predecessor-version":[{"id":119747,"href":"https:\/\/www.caririemacao.com\/1\/wp-json\/wp\/v2\/posts\/119744\/revisions\/119747"}],"wp:featuredmedia":[{"embeddable":true,"href":"https:\/\/www.caririemacao.com\/1\/wp-json\/wp\/v2\/media\/109939"}],"wp:attachment":[{"href":"https:\/\/www.caririemacao.com\/1\/wp-json\/wp\/v2\/media?parent=119744"}],"wp:term":[{"taxonomy":"category","embeddable":true,"href":"https:\/\/www.caririemacao.com\/1\/wp-json\/wp\/v2\/categories?post=119744"},{"taxonomy":"post_tag","embeddable":true,"href":"https:\/\/www.caririemacao.com\/1\/wp-json\/wp\/v2\/tags?post=119744"}],"curies":[{"name":"wp","href":"https:\/\/api.w.org\/{rel}","templated":true}]}}