{"id":119752,"date":"2019-09-24T13:47:47","date_gmt":"2019-09-24T16:47:47","guid":{"rendered":"http:\/\/www.caririemacao.com\/1\/?p=119752"},"modified":"2019-09-24T13:47:47","modified_gmt":"2019-09-24T16:47:47","slug":"com-aval-de-alcolumbre-votacao-da-previdencia-no-senado-e-adiada-para-proxima-semana","status":"publish","type":"post","link":"https:\/\/www.caririemacao.com\/1\/2019\/09\/24\/com-aval-de-alcolumbre-votacao-da-previdencia-no-senado-e-adiada-para-proxima-semana\/","title":{"rendered":"Com aval de Alcolumbre, vota\u00e7\u00e3o da Previd\u00eancia no Senado \u00e9 adiada para pr\u00f3xima semana"},"content":{"rendered":"\n<p>Por decis\u00e3o dos l\u00edderes do Senado, a vota\u00e7\u00e3o da reforma da Previd\u00eancia foi adiada para a pr\u00f3xima semana.A previs\u00e3o anterior era que a proposta fosse analisada pela CCJ (Comiss\u00e3o de Constitui\u00e7\u00e3o e Justi\u00e7a) nesta ter\u00e7a-feira (24) e pelo plen\u00e1rio da Casa na quarta (25).<br><\/p>\n\n\n\n<p>Mas senadores tamb\u00e9m querem cobrar a fatura para votar o principal projeto econ\u00f4mico do governo em tramita\u00e7\u00e3o no Congresso.<\/p>\n\n\n\n<p>Sem consenso na Casa, a vota\u00e7\u00e3o da reforma passou para a pr\u00f3xima ter\u00e7a (1\u00ba) na CCJ e, no mesmo dia, \u00e0 tarde, no plen\u00e1rio.<\/p>\n\n\n\n<p>A presidente da CCJ, Simone Tebet (MDB-MS), disse que a decis\u00e3o de adiamento teve o aval do presidente do Senado, Davi Alcolumbre (DEM-AP).<\/p>\n\n\n\n<p>&#8220;Fui voz vencida. Ach\u00e1vamos que [&#8230;] conseguir\u00edamos votar a reforma da Previd\u00eancia at\u00e9 15h para n\u00e3o prejudicar [a sess\u00e3o do] Congresso, mas houve uma determina\u00e7\u00e3o do presidente da Casa junto com os l\u00edderes e n\u00f3s temos que acatar&#8221;, afirmou Tebet.<\/p>\n\n\n\n<p>Alcolumbre convocou uma sess\u00e3o do Congresso para a tarde desta ter\u00e7a para votar os vetos \u00e0 lei de abuso de autoridade, al\u00e9m de analisar um projeto que permite a libera\u00e7\u00e3o de emendas parlamentares para deputados que votaram a favor da reforma da Previd\u00eancia.<\/p>\n\n\n\n<p>Emendas s\u00e3o formas de um parlamentar destinar recursos para sua base eleitoral e foram negociadas com o Pal\u00e1cio do Planalto quando a proposta de reestrutura\u00e7\u00e3o das regras de aposentadorias estava na C\u00e2mara.<\/p>\n\n\n\n<p>Senadores tamb\u00e9m querem o mesmo benef\u00edcio e interlocutores do presidente Jair Bolsonaro analisam os pedidos do Senado.<\/p>\n\n\n\n<p>Al\u00e9m disso, a opera\u00e7\u00e3o da Pol\u00edcia Federal que teve como alvo o l\u00edder do governo no Senado, Fernando Bezerra Coelho (MDB-PE), por suposto recebimento de propina gerou um clima de instabilidade.<\/p>\n\n\n\n<p>A a\u00e7\u00e3o da semana passada irritou Alcolumbre e l\u00edderes partid\u00e1rios criou um cen\u00e1rio de revanchismo \u00e0s v\u00e9speras do primeiro teste da reforma no plen\u00e1rio do Senado.<\/p>\n\n\n\n<p>Eles se re\u00fanem com o presidente do STF (Supremo Tribunal Federal), ministro Dias Toffoli, na manh\u00e3 desta ter\u00e7a para discutirem a opera\u00e7\u00e3o da Pol\u00edcia Federal.<\/p>\n\n\n\n<p>O presidente do Senado minimizou a decis\u00e3o que tomou junto com os l\u00edderes \u00e0 respeito da reforma da Previd\u00eancia.<\/p>\n\n\n\n<p>Ele declarou que, apesar do atraso no calend\u00e1rio nesta semana, a previs\u00e3o para concluir a vota\u00e7\u00e3o do projeto no Senado continua no dia 10 de outubro.<\/p>\n","protected":false},"excerpt":{"rendered":"<p>Por decis\u00e3o dos l\u00edderes do Senado, a vota\u00e7\u00e3o da reforma da Previd\u00eancia foi adiada para a pr\u00f3xima semana.A previs\u00e3o anterior era que a proposta fosse&hellip; <\/p>\n","protected":false},"author":1,"featured_media":119754,"comment_status":"closed","ping_status":"closed","sticky":false,"template":"","format":"standard","meta":{"sfsi_plus_gutenberg_text_before_share":"","sfsi_plus_gutenberg_show_text_before_share":"","sfsi_plus_gutenberg_icon_type":"","sfsi_plus_gutenberg_icon_alignemt":"","sfsi_plus_gutenburg_max_per_row":"","footnotes":""},"categories":[11],"tags":[],"class_list":["post-119752","post","type-post","status-publish","format-standard","has-post-thumbnail","hentry","category-politica"],"_links":{"self":[{"href":"https:\/\/www.caririemacao.com\/1\/wp-json\/wp\/v2\/posts\/119752","targetHints":{"allow":["GET"]}}],"collection":[{"href":"https:\/\/www.caririemacao.com\/1\/wp-json\/wp\/v2\/posts"}],"about":[{"href":"https:\/\/www.caririemacao.com\/1\/wp-json\/wp\/v2\/types\/post"}],"author":[{"embeddable":true,"href":"https:\/\/www.caririemacao.com\/1\/wp-json\/wp\/v2\/users\/1"}],"replies":[{"embeddable":true,"href":"https:\/\/www.caririemacao.com\/1\/wp-json\/wp\/v2\/comments?post=119752"}],"version-history":[{"count":1,"href":"https:\/\/www.caririemacao.com\/1\/wp-json\/wp\/v2\/posts\/119752\/revisions"}],"predecessor-version":[{"id":119755,"href":"https:\/\/www.caririemacao.com\/1\/wp-json\/wp\/v2\/posts\/119752\/revisions\/119755"}],"wp:featuredmedia":[{"embeddable":true,"href":"https:\/\/www.caririemacao.com\/1\/wp-json\/wp\/v2\/media\/119754"}],"wp:attachment":[{"href":"https:\/\/www.caririemacao.com\/1\/wp-json\/wp\/v2\/media?parent=119752"}],"wp:term":[{"taxonomy":"category","embeddable":true,"href":"https:\/\/www.caririemacao.com\/1\/wp-json\/wp\/v2\/categories?post=119752"},{"taxonomy":"post_tag","embeddable":true,"href":"https:\/\/www.caririemacao.com\/1\/wp-json\/wp\/v2\/tags?post=119752"}],"curies":[{"name":"wp","href":"https:\/\/api.w.org\/{rel}","templated":true}]}}