{"id":119760,"date":"2019-09-24T13:51:37","date_gmt":"2019-09-24T16:51:37","guid":{"rendered":"http:\/\/www.caririemacao.com\/1\/?p=119760"},"modified":"2019-09-24T13:51:37","modified_gmt":"2019-09-24T16:51:37","slug":"avai-deixa-a-lanterna-e-impoe-sexta-derrota-seguida-do-atletico-mg","status":"publish","type":"post","link":"https:\/\/www.caririemacao.com\/1\/2019\/09\/24\/avai-deixa-a-lanterna-e-impoe-sexta-derrota-seguida-do-atletico-mg\/","title":{"rendered":"Ava\u00ed deixa a lanterna e imp\u00f5e sexta derrota seguida do Atl\u00e9tico-MG"},"content":{"rendered":"\n<p>O Ava\u00ed venceu o Atl\u00e9tico-MG por 1 a 0 na noite desta segunda-feira (23), no est\u00e1dio da Ressacada, em Florian\u00f3polis (SC). Em jogo que teve p\u00eanalti defendido por Cleiton, os catarinenses contaram com gol de Jonathan para garantir a vit\u00f3ria pela 20\u00aa rodada do Campeonato Brasileiro 2019.<\/p>\n\n\n\n<p>Essa foi a primeira vit\u00f3ria do Ava\u00ed em seu est\u00e1dio na competi\u00e7\u00e3o. O time catarinense ainda obteve o segundo triunfo consecutivo e o terceiro nas \u00faltimas quatro rodadas.<\/p>\n\n\n\n<p>Gra\u00e7as a essa boa campanha recente, os catarinenses deixaram a lanterna do torneio nacional, somando agora 16 pontos. A \u00faltima coloca\u00e7\u00e3o ficou para a Chapecoense, com 14. O Ava\u00ed ainda est\u00e1 a tr\u00eas pontos de se livrar da zona de rebaixamento.<\/p>\n\n\n\n<p>O Atl\u00e9tico-MG, por sua vez, continua em m\u00e1 fase. A equipe de Rodrigo Santana chega \u00e0 sexta derrota consecutiva na competi\u00e7\u00e3o e cai para a d\u00e9cima posi\u00e7\u00e3o, com 27 pontos.<\/p>\n\n\n\n<p>Na pr\u00f3xima rodada, o Ava\u00ed visita o Gr\u00eamio, em Porto Alegre, na quinta-feira (26). J\u00e1 o Atl\u00e9tico-MG s\u00f3 volta a atuar pelo Brasileir\u00e3o no domingo (29), em casa, contra o Cear\u00e1.<\/p>\n\n\n\n<p>O destaque do triunfo do Ava\u00ed foi Jonathan. Ele foi decisivo ao marcar o \u00fanico gol do confronto e ainda sofreu um p\u00eanalti no primeiro tempo do confronto. Ele marcou de cabe\u00e7a ap\u00f3s rebote de Lucas Hern\u00e1ndez em uma finaliza\u00e7\u00e3o do pr\u00f3prio centroavante. Na sequ\u00eancia, tentou jogada individual na grande \u00e1rea e foi derrubado por Leonardo Silva. A arbitragem marcou p\u00eanalti sobre o jovem.<\/p>\n\n\n\n<p>Na rodada passada, j\u00e1 havia sido dele o gol da vit\u00f3ria sobre o Athletico-PR por 1 a 0 na Arena da Baixada.<\/p>\n\n\n\n<p>Do lado mineiro, Leonardo Silva foi mal. Substituto de R\u00e9ver, poupado pela comiss\u00e3o t\u00e9cnica, o veterano fez uma partida muito abaixo do que se esperava. Ele cometeu p\u00eanalti em Jonathan, defendido por Cleiton, e foi presa f\u00e1cil para os homens de frente do Ava\u00ed. O zagueiro ainda cometeu erros na sa\u00edda de bola.<\/p>\n\n\n\n<p>O Ava\u00ed n\u00e3o tentou controlar o jogo ocorrido na Ressacada. A equipe buscou jogar em contra-ataques e por meio de bola a\u00e9rea. A velocidade de Jonathan, centroavante do time, foi bastante utilizada no sistema adotado por Alberto Valentim. O atacante, inclusive, participou do lance que culminou no gol do time, aos 27 minutos do primeiro tempo.<\/p>\n\n\n\n<p>Na ocasi\u00e3o, ele cabeceou ap\u00f3s escanteio cobrado pelo lado esquerdo do ataque e estufou a rede de Cleiton.<\/p>\n\n\n\n<p>Logo depois, o Ava\u00ed teve a chance de ampliar a vantagem. Titular do Atl\u00e9tico desde a tendinite de Victor no joelho direito, o jovem Cleiton pegou um p\u00eanalti pela primeira vez como profissional do clube. O goleiro defendeu a cobran\u00e7a de Pedro Castro, aos 35 minutos do primeiro tempo, e impediu que o Ava\u00ed marcasse o segundo gol.<\/p>\n\n\n\n<p>Do outro lado, o Atl\u00e9tico-MG mostrou-se inoperante. Agora, o time teve dificuldades para balan\u00e7ar as redes do Ava\u00ed. Com mais posse de bola \u2013 63% contra 37% -, o time de Rodrigo Santana apenas trocou passes no campo de ataque. No entanto, n\u00e3o apresentou a efici\u00eancia necess\u00e1ria para levar perigo \u00e0 meta de Vladimir. Juan Cazares, Geuv\u00e2nio e Bruninho foram bem marcados e pouco se movimentaram no setor de cria\u00e7\u00e3o.<\/p>\n\n\n\n<p>AVA\u00cd<br>Vladimir; L\u00e9o, Ricardo, Bet\u00e3o, Igor Fernandes; Pedro Castro, Louren\u00e7o (Jonny Mosquera), Richard Franco, Matheus Barbosa (Jo\u00e3o Paulo), Caio Paulista (Gustavo Ferrareis); Jonathan. T.: Alberto Valentim<\/p>\n\n\n\n<p>ATL\u00c9TICO-MG<br>Cleiton; Guga, Igor Rabello, Leonardo Silva, Lucas Hern\u00e1ndez; Ram\u00f3n Mart\u00ednez, Nathan, Geuv\u00e2nio (Luan), Juan Cazares (R\u00f3mulo Otero), Bruninho (Maicon Bolt); Alerrandro. T.: Rodrigo Santana<\/p>\n\n\n\n<p>Est\u00e1dio: Ressacada, em Florian\u00f3polis (SC)<br>Juiz: Caio Max Augusto Vieira (RN)<br>Cart\u00e3o amarelo: L\u00e9o, Louren\u00e7o, Ricardo (Ava\u00ed); Leonardo Silva (Atl\u00e9tico-MG)<br>Gol: Jonathan, aos 27min do primeiro tempo<\/p>\n","protected":false},"excerpt":{"rendered":"<p>O Ava\u00ed venceu o Atl\u00e9tico-MG por 1 a 0 na noite desta segunda-feira (23), no est\u00e1dio da Ressacada, em Florian\u00f3polis (SC). Em jogo que teve&hellip; <\/p>\n","protected":false},"author":1,"featured_media":119762,"comment_status":"closed","ping_status":"closed","sticky":false,"template":"","format":"standard","meta":{"sfsi_plus_gutenberg_text_before_share":"","sfsi_plus_gutenberg_show_text_before_share":"","sfsi_plus_gutenberg_icon_type":"","sfsi_plus_gutenberg_icon_alignemt":"","sfsi_plus_gutenburg_max_per_row":"","footnotes":""},"categories":[13],"tags":[],"class_list":["post-119760","post","type-post","status-publish","format-standard","has-post-thumbnail","hentry","category-esportes"],"_links":{"self":[{"href":"https:\/\/www.caririemacao.com\/1\/wp-json\/wp\/v2\/posts\/119760","targetHints":{"allow":["GET"]}}],"collection":[{"href":"https:\/\/www.caririemacao.com\/1\/wp-json\/wp\/v2\/posts"}],"about":[{"href":"https:\/\/www.caririemacao.com\/1\/wp-json\/wp\/v2\/types\/post"}],"author":[{"embeddable":true,"href":"https:\/\/www.caririemacao.com\/1\/wp-json\/wp\/v2\/users\/1"}],"replies":[{"embeddable":true,"href":"https:\/\/www.caririemacao.com\/1\/wp-json\/wp\/v2\/comments?post=119760"}],"version-history":[{"count":1,"href":"https:\/\/www.caririemacao.com\/1\/wp-json\/wp\/v2\/posts\/119760\/revisions"}],"predecessor-version":[{"id":119763,"href":"https:\/\/www.caririemacao.com\/1\/wp-json\/wp\/v2\/posts\/119760\/revisions\/119763"}],"wp:featuredmedia":[{"embeddable":true,"href":"https:\/\/www.caririemacao.com\/1\/wp-json\/wp\/v2\/media\/119762"}],"wp:attachment":[{"href":"https:\/\/www.caririemacao.com\/1\/wp-json\/wp\/v2\/media?parent=119760"}],"wp:term":[{"taxonomy":"category","embeddable":true,"href":"https:\/\/www.caririemacao.com\/1\/wp-json\/wp\/v2\/categories?post=119760"},{"taxonomy":"post_tag","embeddable":true,"href":"https:\/\/www.caririemacao.com\/1\/wp-json\/wp\/v2\/tags?post=119760"}],"curies":[{"name":"wp","href":"https:\/\/api.w.org\/{rel}","templated":true}]}}