{"id":119767,"date":"2019-09-24T13:59:37","date_gmt":"2019-09-24T16:59:37","guid":{"rendered":"http:\/\/www.caririemacao.com\/1\/?p=119767"},"modified":"2019-09-24T13:59:37","modified_gmt":"2019-09-24T16:59:37","slug":"presidentes-do-pt-pmn-e-rede-revelam-como-foi-encontro-com-joao-azevedo","status":"publish","type":"post","link":"https:\/\/www.caririemacao.com\/1\/2019\/09\/24\/presidentes-do-pt-pmn-e-rede-revelam-como-foi-encontro-com-joao-azevedo\/","title":{"rendered":"Presidentes do PT, PMN e Rede revelam como foi encontro com Jo\u00e3o Azev\u00eado"},"content":{"rendered":"\n<p>A reuni\u00e3o do governador Jo\u00e3o Azev\u00eado (PSB) com os presidente do PT, PMN e Rede Sustentabilidade na Para\u00edba foi avaliada como positiva pelos l\u00edderes partid\u00e1rios. Na oportunidade, Azev\u00eado exp\u00f4s o ponto de vista dele sobre a crise que vive o PSB paraibano.<\/p>\n\n\n\n<p>Sobre a reuni\u00e3o realizada nesta segunda-feira (23) os l\u00edderes disseram:<\/p>\n\n\n\n<p>Gerson Vasconcelos (Rede):<\/p>\n\n\n\n<p>\u201cFoi uma conversa agrad\u00e1vel. Ele demonstrou que quer continuar com esse projeto na Para\u00edba. Acho que o saldo foi positivo. A gente se colocou a disposi\u00e7\u00e3o para intermediar essa crise interna no PSB, mesmo sabendo que n\u00e3o temos muitos poderes para isso, mas o que for necess\u00e1rio esses cinco partidos est\u00e3o dispostos a fazer esse processo na legenda que foi condutora.O governador se colocou na constru\u00e7\u00e3o que quer construir, que vai dialogar com outros partidos da coliga\u00e7\u00e3o. Essa presta\u00e7\u00e3o de contas do governo ele est\u00e1 fazendo para que essa crise interna do PSB n\u00e3o afete a governabilidade\u201d.<\/p>\n\n\n\n<p>L\u00eddia Moura (PMN):<\/p>\n\n\n\n<p>\u201cFoi uma reuni\u00e3o muito produtiva. Os partidos ao governador esse encontro. Foi muito mais para alinhar esse projeto do campo democr\u00e1tico do que propriamente do que tratar de outras quest\u00f5es. Quanto \u00e0 crise interna do PSB n\u00e3o d\u00e1 pra ningu\u00e9m entrar, porque n\u00e3o temos como fazer qualquer inger\u00eancia. Discutimos a manuten\u00e7\u00e3o do projeto no campo democr\u00e1tico, que \u00e9 o que interessa a todos os partidos. Foi uma conversa mais pol\u00edtica. O governador nos informa que permanece no PSB. N\u00e3o parece que haver\u00e1 uma mudan\u00e7a imediatamente. Precisa ver como o partido dele vai se posicionar. De certa forma, serviu para o governador fazer uma presta\u00e7\u00e3o de contas da carta program\u00e1tica dele com a sociedade\u201d.&nbsp;<\/p>\n\n\n\n<p>Jackson Mac\u00eado (PT):<\/p>\n\n\n\n<p>\u201cFoi positiva. Discutimos a conjuntura da Para\u00edba e a crise interna do PSB. Foi um momento muito rico, de muito debate. Vamos continuar conversando. Eu acho que este foi o entendimento. Manter o di\u00e1logo e manter as conversas com o governador Jo\u00e3o Azev\u00eado.&nbsp;A exig\u00eancia do PT \u00e9 que esse campo permanece unido firme e forte para as elei\u00e7\u00f5es de 2020\u201d.<\/p>\n\n\n\n<p>Participaram do encontro tamb\u00e9m representantes do PDT da vice-governadora L\u00edgia Feliciano e do deputado Dami\u00e3o e o PCdoB que tamb\u00e9m integra o arco de alian\u00e7as do Governo Estadual.&nbsp;<\/p>\n","protected":false},"excerpt":{"rendered":"<p>A reuni\u00e3o do governador Jo\u00e3o Azev\u00eado (PSB) com os presidente do PT, PMN e Rede Sustentabilidade na Para\u00edba foi avaliada como positiva pelos l\u00edderes partid\u00e1rios.&hellip; <\/p>\n","protected":false},"author":1,"featured_media":119770,"comment_status":"closed","ping_status":"closed","sticky":false,"template":"","format":"standard","meta":{"sfsi_plus_gutenberg_text_before_share":"","sfsi_plus_gutenberg_show_text_before_share":"","sfsi_plus_gutenberg_icon_type":"","sfsi_plus_gutenberg_icon_alignemt":"","sfsi_plus_gutenburg_max_per_row":"","footnotes":""},"categories":[11],"tags":[],"class_list":["post-119767","post","type-post","status-publish","format-standard","has-post-thumbnail","hentry","category-politica"],"_links":{"self":[{"href":"https:\/\/www.caririemacao.com\/1\/wp-json\/wp\/v2\/posts\/119767","targetHints":{"allow":["GET"]}}],"collection":[{"href":"https:\/\/www.caririemacao.com\/1\/wp-json\/wp\/v2\/posts"}],"about":[{"href":"https:\/\/www.caririemacao.com\/1\/wp-json\/wp\/v2\/types\/post"}],"author":[{"embeddable":true,"href":"https:\/\/www.caririemacao.com\/1\/wp-json\/wp\/v2\/users\/1"}],"replies":[{"embeddable":true,"href":"https:\/\/www.caririemacao.com\/1\/wp-json\/wp\/v2\/comments?post=119767"}],"version-history":[{"count":1,"href":"https:\/\/www.caririemacao.com\/1\/wp-json\/wp\/v2\/posts\/119767\/revisions"}],"predecessor-version":[{"id":119771,"href":"https:\/\/www.caririemacao.com\/1\/wp-json\/wp\/v2\/posts\/119767\/revisions\/119771"}],"wp:featuredmedia":[{"embeddable":true,"href":"https:\/\/www.caririemacao.com\/1\/wp-json\/wp\/v2\/media\/119770"}],"wp:attachment":[{"href":"https:\/\/www.caririemacao.com\/1\/wp-json\/wp\/v2\/media?parent=119767"}],"wp:term":[{"taxonomy":"category","embeddable":true,"href":"https:\/\/www.caririemacao.com\/1\/wp-json\/wp\/v2\/categories?post=119767"},{"taxonomy":"post_tag","embeddable":true,"href":"https:\/\/www.caririemacao.com\/1\/wp-json\/wp\/v2\/tags?post=119767"}],"curies":[{"name":"wp","href":"https:\/\/api.w.org\/{rel}","templated":true}]}}