{"id":119776,"date":"2019-09-24T14:02:41","date_gmt":"2019-09-24T17:02:41","guid":{"rendered":"http:\/\/www.caririemacao.com\/1\/?p=119776"},"modified":"2019-09-24T14:02:41","modified_gmt":"2019-09-24T17:02:41","slug":"carteira-de-trabalho-digital-entra-em-vigor-a-partir-de-hoje","status":"publish","type":"post","link":"https:\/\/www.caririemacao.com\/1\/2019\/09\/24\/carteira-de-trabalho-digital-entra-em-vigor-a-partir-de-hoje\/","title":{"rendered":"Carteira de Trabalho Digital entra em vigor a partir de hoje"},"content":{"rendered":"\n<p>Os brasileiros passam a contar, a partir de hoje (24), com a Carteira de Trabalho Digital, documento totalmente em meio eletr\u00f4nico e equivalente \u00e0 antiga Carteira de Trabalho e Previd\u00eancia Social f\u00edsica.<\/p>\n\n\n\n<p>Segundo a Secretaria de Trabalho do Minist\u00e9rio da Economia, a mudan\u00e7a vai assegurar facilidades para trabalhadores e empregados, com redu\u00e7\u00e3o da burocracia e custos. Por exemplo: ao ser contratado, o novo empregado n\u00e3o precisar\u00e1 mais apresentar a carteira em papel. Bastar\u00e1 informar o n\u00famero do CPF ao empregador e o registro ser\u00e1 realizado diretamente de forma digital.<\/p>\n\n\n\n<p>Prevista na Lei da Liberdade Econ\u00f4mica, sancionada na \u00faltma sexta-feira (20), a Carteira Digital \u00e9 disciplinada pela Portaria n\u00ba 1.065, da Secretaria Especial de Previd\u00eancia e Trabalho do Minist\u00e9rio da Economia, publicada na edi\u00e7\u00e3o desta ter\u00e7a-feira do&nbsp;<a href=\"http:\/\/www.in.gov.br\/en\/web\/dou\/-\/portaria-n-1.065-de-23-de-setembro-de-2019-217773828\" target=\"_blank\" rel=\"noreferrer noopener\"><em>Di\u00e1rio Oficial da Uni\u00e3o<\/em><\/a>&nbsp;.<\/p>\n\n\n\n<p>O documento digital est\u00e1 previamente emitido para todos os brasileiros e estrangeiros que estejam registrados no Cadastro de Pessoa F\u00edsica (CPF). Cada trabalhador ter\u00e1 de habilitar o documento, com a cria\u00e7\u00e3o de uma conta de acesso no&nbsp;<a href=\"http:\/\/www.gov.br\/trabalho\" target=\"_blank\" rel=\"noreferrer noopener\">endere\u00e7o<\/a>&nbsp;espec\u00edfico.<\/p>\n\n\n\n<h2 class=\"wp-block-heading\">eSocial<\/h2>\n\n\n\n<p>Empresas que j\u00e1 usam o eSocial poder\u00e3o contratar funcion\u00e1rios sem a necessidade de exigir deles o documento f\u00edsico. Isso vai facilitar o acesso ao mercado, pois n\u00e3o ser\u00e1 mais necess\u00e1rio apresentar a carteira de trabalho em papel para ingressar em um novo emprego, resultando em simplifica\u00e7\u00e3o e desburocratiza\u00e7\u00e3o.<\/p>\n\n\n\n<p>Com as novas regras, as anota\u00e7\u00f5es que antes ficavam na CTPS de &#8220;caderninho azul&#8221; passar\u00e3o a ser realizadas eletronicamente. Para acompanhar essas anota\u00e7\u00f5es, o trabalhador poder\u00e1 utilizar um aplicativo especialmente desenvolvido para celulares (com vers\u00f5es IOS e Android) ou&nbsp;<a href=\"http:\/\/www.gov.br\/\" target=\"_blank\" rel=\"noreferrer noopener\">acessar<\/a>&nbsp;o ambiente.<\/p>\n\n\n\n<p>A Carteira Digital tem como identifica\u00e7\u00e3o \u00fanica o n\u00famero do CPF do trabalhador, que passa a ser o n\u00famero v\u00e1lido para fins de registro trabalhista.<\/p>\n","protected":false},"excerpt":{"rendered":"<p>Os brasileiros passam a contar, a partir de hoje (24), com a Carteira de Trabalho Digital, documento totalmente em meio eletr\u00f4nico e equivalente \u00e0 antiga&hellip; <\/p>\n","protected":false},"author":1,"featured_media":111652,"comment_status":"closed","ping_status":"closed","sticky":false,"template":"","format":"standard","meta":{"sfsi_plus_gutenberg_text_before_share":"","sfsi_plus_gutenberg_show_text_before_share":"","sfsi_plus_gutenberg_icon_type":"","sfsi_plus_gutenberg_icon_alignemt":"","sfsi_plus_gutenburg_max_per_row":"","footnotes":""},"categories":[2],"tags":[],"class_list":["post-119776","post","type-post","status-publish","format-standard","has-post-thumbnail","hentry","category-geral"],"_links":{"self":[{"href":"https:\/\/www.caririemacao.com\/1\/wp-json\/wp\/v2\/posts\/119776","targetHints":{"allow":["GET"]}}],"collection":[{"href":"https:\/\/www.caririemacao.com\/1\/wp-json\/wp\/v2\/posts"}],"about":[{"href":"https:\/\/www.caririemacao.com\/1\/wp-json\/wp\/v2\/types\/post"}],"author":[{"embeddable":true,"href":"https:\/\/www.caririemacao.com\/1\/wp-json\/wp\/v2\/users\/1"}],"replies":[{"embeddable":true,"href":"https:\/\/www.caririemacao.com\/1\/wp-json\/wp\/v2\/comments?post=119776"}],"version-history":[{"count":1,"href":"https:\/\/www.caririemacao.com\/1\/wp-json\/wp\/v2\/posts\/119776\/revisions"}],"predecessor-version":[{"id":119778,"href":"https:\/\/www.caririemacao.com\/1\/wp-json\/wp\/v2\/posts\/119776\/revisions\/119778"}],"wp:featuredmedia":[{"embeddable":true,"href":"https:\/\/www.caririemacao.com\/1\/wp-json\/wp\/v2\/media\/111652"}],"wp:attachment":[{"href":"https:\/\/www.caririemacao.com\/1\/wp-json\/wp\/v2\/media?parent=119776"}],"wp:term":[{"taxonomy":"category","embeddable":true,"href":"https:\/\/www.caririemacao.com\/1\/wp-json\/wp\/v2\/categories?post=119776"},{"taxonomy":"post_tag","embeddable":true,"href":"https:\/\/www.caririemacao.com\/1\/wp-json\/wp\/v2\/tags?post=119776"}],"curies":[{"name":"wp","href":"https:\/\/api.w.org\/{rel}","templated":true}]}}