{"id":119796,"date":"2019-09-24T14:15:36","date_gmt":"2019-09-24T17:15:36","guid":{"rendered":"http:\/\/www.caririemacao.com\/1\/?p=119796"},"modified":"2019-09-24T14:15:36","modified_gmt":"2019-09-24T17:15:36","slug":"tjpb-analisa-fechamento-de-dezesseis-comarcas-sendo-tres-na-regiao-do-cariri","status":"publish","type":"post","link":"https:\/\/www.caririemacao.com\/1\/2019\/09\/24\/tjpb-analisa-fechamento-de-dezesseis-comarcas-sendo-tres-na-regiao-do-cariri\/","title":{"rendered":"TJPB analisa fechamento de dezesseis comarcas, sendo tr\u00eas na regi\u00e3o do Cariri"},"content":{"rendered":"\n<p>A possibilidade de fechamento de comarcas na Para\u00edba voltou \u00e0 tona nesta segunda-feira (23) ap\u00f3s o Sindicato dos T\u00e9cnicos e Analistas do Judici\u00e1rio da Para\u00edba (Sintaj-PB) afirmar que o Tribunal de Justi\u00e7a da Para\u00edba (TJPB) vem terminando estudos para fechar 16 comarcas em diversas regi\u00f5es. A situa\u00e7\u00e3o foi confirmada pela assessoria de comunica\u00e7\u00e3o do Tribunal. A expectativa \u00e9 de que a medida seja apreciada pelo Pleno do Tribunal at\u00e9 o fim do ano.<\/p>\n\n\n\n<p>S\u00f3 na regi\u00e3o do Cariri paraibano, tr\u00eas Comarcas devem ser fechadas, sendo elas em: S\u00e3o Jo\u00e3o do Cariri, Prata e Cabaceiras. A comarca de S\u00e3o Jo\u00e3o do Cariri seria agregada em Serra Branca. A de Prata seria agregada a Comarca de Monteiro e a de Cabaceiras seria agregada em Boqueir\u00e3o. Em Monteiro, especula-se o fechamento da 3\u00b0 Vara Mista.<\/p>\n\n\n\n<p>Segundo o Sintaj-PB, a proposta de fechamento \u00e9 do presidente do TJPB, M\u00e1rcio Murilo, e foi aprovada pelos comit\u00eas Or\u00e7ament\u00e1rio e de Prioriza\u00e7\u00e3o. A alega\u00e7\u00e3o dada pelo TJPB ao Sintaj-PB \u00e9 de que as comarcas precisam ser fechadas por quest\u00f5es financeiras. A opini\u00e3o do sindicato \u00e9 de que, com o fechamento das comarcas, outras ser\u00e3o sobrecarregadas, causando preju\u00edzos \u00e0 popula\u00e7\u00e3o.<\/p>\n\n\n\n<p>\u201cAs popula\u00e7\u00f5es das cidades atingidas com o fechamento de suas comarcas ser\u00e3o obrigadas a se deslocarem para outros munic\u00edpios a fim de garantir o andamento de seus processos. Mais de 120 mil pessoas ser\u00e3o prejudicadas em todo o estado. Na grande maioria das vezes, essas popula\u00e7\u00f5es s\u00e3o reconhecidamente carentes, que utilizam a justi\u00e7a gratuita e que n\u00e3o disp\u00f5em das condi\u00e7\u00f5es financeiras necess\u00e1rias para arcar com os deslocamentos a outras cidades\/comarcas\u201d, disse a presidente do Sintaj-PB, Vladinei Gonzaga.<\/p>\n\n\n\n<p>A assessoria de comunica\u00e7\u00e3o do TJPB informou que a medida ainda est\u00e1 em fase de an\u00e1lise e que, caso seja aprovada pelo Pleno do Tribunal, n\u00e3o acarretar\u00e1 preju\u00edzo nem aos servidores, nem a popula\u00e7\u00e3o.<\/p>\n\n\n\n<p>\u201cQualquer medida que seja tomada \u00e9 em benef\u00edcio dos juriscionados. N\u00e3o haver\u00e1 nenhum preju\u00edzo. O presidente est\u00e1 se reunindo com os comit\u00eas para a fase de estudos. A mat\u00e9ria ainda vai ser levada ao Pleno. \u00c9 uma medida de gest\u00e3o. A Justi\u00e7a do Trabalho extinguiu varas, a Eleitoral extingui zonas e tudo isso foi feito para melhorar a efici\u00eancia. \u00c9 uma medida comum e se o TJ vier a agregar algumas comarcas, n\u00e3o vai haver ineditismo\u201d, informou a comunica\u00e7\u00e3o.<\/p>\n\n\n\n<p>Cariri Ligado<\/p>\n","protected":false},"excerpt":{"rendered":"<p>A possibilidade de fechamento de comarcas na Para\u00edba voltou \u00e0 tona nesta segunda-feira (23) ap\u00f3s o Sindicato dos T\u00e9cnicos e Analistas do Judici\u00e1rio da Para\u00edba&hellip; <\/p>\n","protected":false},"author":1,"featured_media":64061,"comment_status":"closed","ping_status":"closed","sticky":false,"template":"","format":"standard","meta":{"sfsi_plus_gutenberg_text_before_share":"","sfsi_plus_gutenberg_show_text_before_share":"","sfsi_plus_gutenberg_icon_type":"","sfsi_plus_gutenberg_icon_alignemt":"","sfsi_plus_gutenburg_max_per_row":"","footnotes":""},"categories":[2],"tags":[],"class_list":["post-119796","post","type-post","status-publish","format-standard","has-post-thumbnail","hentry","category-geral"],"_links":{"self":[{"href":"https:\/\/www.caririemacao.com\/1\/wp-json\/wp\/v2\/posts\/119796","targetHints":{"allow":["GET"]}}],"collection":[{"href":"https:\/\/www.caririemacao.com\/1\/wp-json\/wp\/v2\/posts"}],"about":[{"href":"https:\/\/www.caririemacao.com\/1\/wp-json\/wp\/v2\/types\/post"}],"author":[{"embeddable":true,"href":"https:\/\/www.caririemacao.com\/1\/wp-json\/wp\/v2\/users\/1"}],"replies":[{"embeddable":true,"href":"https:\/\/www.caririemacao.com\/1\/wp-json\/wp\/v2\/comments?post=119796"}],"version-history":[{"count":1,"href":"https:\/\/www.caririemacao.com\/1\/wp-json\/wp\/v2\/posts\/119796\/revisions"}],"predecessor-version":[{"id":119798,"href":"https:\/\/www.caririemacao.com\/1\/wp-json\/wp\/v2\/posts\/119796\/revisions\/119798"}],"wp:featuredmedia":[{"embeddable":true,"href":"https:\/\/www.caririemacao.com\/1\/wp-json\/wp\/v2\/media\/64061"}],"wp:attachment":[{"href":"https:\/\/www.caririemacao.com\/1\/wp-json\/wp\/v2\/media?parent=119796"}],"wp:term":[{"taxonomy":"category","embeddable":true,"href":"https:\/\/www.caririemacao.com\/1\/wp-json\/wp\/v2\/categories?post=119796"},{"taxonomy":"post_tag","embeddable":true,"href":"https:\/\/www.caririemacao.com\/1\/wp-json\/wp\/v2\/tags?post=119796"}],"curies":[{"name":"wp","href":"https:\/\/api.w.org\/{rel}","templated":true}]}}